{"id":13516,"date":"2020-05-31T08:48:45","date_gmt":"2020-05-31T06:48:45","guid":{"rendered":"https:\/\/www.compotedeprod.com\/?p=13516"},"modified":"2022-12-20T17:15:30","modified_gmt":"2022-12-20T16:15:30","slug":"dans-le-monde-de-peter-pan-la-danse-sera-un-langage-supplementaire-au-meme-titre-que-le-chant-et-la-comedie","status":"publish","type":"post","link":"https:\/\/www.compotedeprod.com\/?p=13516","title":{"rendered":"Dans <i>Le Monde de Peter Pan<\/i>, la danse sera \u00abun langage suppl\u00e9mentaire\u00bb"},"content":{"rendered":"<p><div class=\"fusion-fullwidth fullwidth-box fusion-builder-row-1 fusion-flex-container nonhundred-percent-fullwidth non-hundred-percent-height-scrolling\" style=\"background-color: rgba(255,255,255,0);background-position: center center;background-repeat: no-repeat;border-width: 0px 0px 0px 0px;border-color:#e2e2e2;border-style:solid;\" ><div class=\"fusion-builder-row fusion-row fusion-flex-align-items-flex-start\" style=\"max-width:calc( 1200px + 0px );margin-left: calc(-0px \/ 2 );margin-right: calc(-0px \/ 2 );\"><div class=\"fusion-layout-column fusion_builder_column fusion-builder-column-0 fusion_builder_column_1_1 1_1 fusion-flex-column\"><div class=\"fusion-column-wrapper fusion-flex-justify-content-flex-start fusion-content-layout-column\" style=\"background-position:left top;background-repeat:no-repeat;-webkit-background-size:cover;-moz-background-size:cover;-o-background-size:cover;background-size:cover;padding: 0px 0px 0px 0px;\"><div class=\"fusion-text fusion-text-1\"><p>Apr\u00e8s <a href=\"https:\/\/www.compotedeprod.com\/programmer-un-spectacle\/alice\/\"><em>Alice<\/em><\/a> et <a href=\"https:\/\/www.compotedeprod.com\/programmer-un-spectacle\/la-cigale-sans-la-fourmi\/\"><em>La Cigale sans la Fourmi<\/em><\/a>, la nouvelle cr\u00e9ation musicale tout public de Compote de Prod verra le jour \u00e0 la fin de l&rsquo;ann\u00e9e 2020. <a href=\"https:\/\/www.compotedeprod.com\/programmer-un-spectacle\/le-monde-de-peter-pan\/\">Le Monde de Peter Pan<\/a> plongera parents et enfants dans le myst\u00e9rieux Pays de nulle part.<\/p>\n<p>Mise en sc\u00e8ne par <a href=\"https:\/\/www.compotedeprod.com\/2020\/05\/14\/avec-le-monde-de-peter-pan-jai-voulu-donner-a-wendy-une-plus-grande-place-dans-lhistoire\/\">Julie Lemas, \u00e9galement auteure du livret<\/a>, la pi\u00e8ce sera mise en mouvement par la danseuse et chor\u00e9graphe Morgane L&rsquo;Hostis. Quelle sera la place de la danse dans l&rsquo;univers de Peter Pan ? Comment travaille Morgane ? La chor\u00e9graphe r\u00e9pond.<\/p>\n<\/div><\/div><style type=\"text\/css\">.fusion-body .fusion-builder-column-0{width:100% !important;margin-top : 0px;margin-bottom : 20px;}.fusion-builder-column-0 > .fusion-column-wrapper {padding-top : 0px !important;padding-right : 0px !important;margin-right : 0px;padding-bottom : 0px !important;padding-left : 0px !important;margin-left : 0px;}@media only screen and (max-width:1024px) {.fusion-body .fusion-builder-column-0{width:100% !important;}.fusion-builder-column-0 > .fusion-column-wrapper {margin-right : 0px;margin-left : 0px;}}@media only screen and (max-width:640px) {.fusion-body .fusion-builder-column-0{width:100% !important;}.fusion-builder-column-0 > .fusion-column-wrapper {margin-right : 0px;margin-left : 0px;}}<\/style><\/div><\/div><style type=\"text\/css\">.fusion-body .fusion-flex-container.fusion-builder-row-1{ padding-top : 0px;margin-top : 0px;padding-right : 0px;padding-bottom : 0px;margin-bottom : 0px;padding-left : 0px;}<\/style><\/div><div class=\"fusion-fullwidth fullwidth-box fusion-builder-row-2 fusion-flex-container nonhundred-percent-fullwidth non-hundred-percent-height-scrolling\" style=\"background-color: rgba(255,255,255,0);background-position: center center;background-repeat: no-repeat;border-width: 0px 0px 0px 0px;border-color:#e2e2e2;border-style:solid;\" ><div class=\"fusion-builder-row fusion-row fusion-flex-align-items-flex-start\" style=\"max-width:calc( 1200px + 0px );margin-left: calc(-0px \/ 2 );margin-right: calc(-0px \/ 2 );\"><div class=\"fusion-layout-column fusion_builder_column fusion-builder-column-1 fusion_builder_column_1_1 1_1 fusion-flex-column\"><div class=\"fusion-column-wrapper fusion-flex-justify-content-flex-start fusion-content-layout-column\" style=\"background-position:left top;background-repeat:no-repeat;-webkit-background-size:cover;-moz-background-size:cover;-o-background-size:cover;background-size:cover;padding: 0px 0px 0px 0px;\"><div class=\"fusion-text fusion-text-2\"><blockquote>\n<p class=\"entry-title fusion-post-title fusion-responsive-typography-calculated\" data-fontsize=\"40\" data-lineheight=\"45.2px\"><a href=\"https:\/\/www.compotedeprod.com\/programmer-un-spectacle\/le-monde-de-peter-pan\/\">Toutes les infos sur <span style=\"font-style: normal;\">Le Monde de Peter Pan<\/span><\/a><\/p>\n<\/blockquote>\n<\/div><\/div><style type=\"text\/css\">.fusion-body .fusion-builder-column-1{width:100% !important;margin-top : 0px;margin-bottom : 20px;}.fusion-builder-column-1 > .fusion-column-wrapper {padding-top : 0px !important;padding-right : 0px !important;margin-right : 0px;padding-bottom : 0px !important;padding-left : 0px !important;margin-left : 0px;}@media only screen and (max-width:1024px) {.fusion-body .fusion-builder-column-1{width:100% !important;}.fusion-builder-column-1 > .fusion-column-wrapper {margin-right : 0px;margin-left : 0px;}}@media only screen and (max-width:640px) {.fusion-body .fusion-builder-column-1{width:100% !important;}.fusion-builder-column-1 > .fusion-column-wrapper {margin-right : 0px;margin-left : 0px;}}<\/style><\/div><\/div><style type=\"text\/css\">.fusion-body .fusion-flex-container.fusion-builder-row-2{ padding-top : 0px;margin-top : 0px;padding-right : 0px;padding-bottom : 0px;margin-bottom : 0px;padding-left : 0px;}<\/style><\/div><div class=\"fusion-fullwidth fullwidth-box fusion-builder-row-3 fusion-flex-container nonhundred-percent-fullwidth non-hundred-percent-height-scrolling\" style=\"background-color: rgba(255,255,255,0);background-position: center center;background-repeat: no-repeat;border-width: 0px 0px 0px 0px;border-color:#e2e2e2;border-style:solid;\" ><div class=\"fusion-builder-row fusion-row fusion-flex-align-items-flex-start\" style=\"max-width:calc( 1200px + 0px );margin-left: calc(-0px \/ 2 );margin-right: calc(-0px \/ 2 );\"><div class=\"fusion-layout-column fusion_builder_column fusion-builder-column-2 fusion_builder_column_1_1 1_1 fusion-flex-column\"><div class=\"fusion-column-wrapper fusion-flex-justify-content-flex-start fusion-content-layout-column\" style=\"background-position:left top;background-repeat:no-repeat;-webkit-background-size:cover;-moz-background-size:cover;-o-background-size:cover;background-size:cover;padding: 0px 0px 0px 0px;\"><div class=\"fusion-text fusion-text-3\"><h2>Tu es chor\u00e9graphe sur le projet Le Monde de Peter Pan. En quoi consiste ton r\u00f4le ?<\/h2>\n<\/div><\/div><style type=\"text\/css\">.fusion-body .fusion-builder-column-2{width:100% !important;margin-top : 0px;margin-bottom : 20px;}.fusion-builder-column-2 > .fusion-column-wrapper {padding-top : 0px !important;padding-right : 0px !important;margin-right : 0px;padding-bottom : 0px !important;padding-left : 0px !important;margin-left : 0px;}@media only screen and (max-width:1024px) {.fusion-body .fusion-builder-column-2{width:100% !important;}.fusion-builder-column-2 > .fusion-column-wrapper {margin-right : 0px;margin-left : 0px;}}@media only screen and (max-width:640px) {.fusion-body .fusion-builder-column-2{width:100% !important;}.fusion-builder-column-2 > .fusion-column-wrapper {margin-right : 0px;margin-left : 0px;}}<\/style><\/div><\/div><style type=\"text\/css\">.fusion-body .fusion-flex-container.fusion-builder-row-3{ padding-top : 0px;margin-top : 0px;padding-right : 0px;padding-bottom : 0px;margin-bottom : 0px;padding-left : 0px;}<\/style><\/div><div class=\"fusion-fullwidth fullwidth-box fusion-builder-row-4 fusion-flex-container nonhundred-percent-fullwidth non-hundred-percent-height-scrolling\" style=\"background-color: rgba(255,255,255,0);background-position: center center;background-repeat: no-repeat;border-width: 0px 0px 0px 0px;border-color:#e2e2e2;border-style:solid;\" ><div class=\"fusion-builder-row fusion-row fusion-flex-align-items-flex-start\" style=\"max-width:calc( 1200px + 0px );margin-left: calc(-0px \/ 2 );margin-right: calc(-0px \/ 2 );\"><div class=\"fusion-layout-column fusion_builder_column fusion-builder-column-3 fusion_builder_column_1_1 1_1 fusion-flex-column\"><div class=\"fusion-column-wrapper fusion-flex-justify-content-flex-start fusion-content-layout-column\" style=\"background-position:left top;background-repeat:no-repeat;-webkit-background-size:cover;-moz-background-size:cover;-o-background-size:cover;background-size:cover;padding: 0px 0px 0px 0px;\"><div class=\"fusion-text fusion-text-4\"><p>Si je devais faire une m\u00e9taphore, je dirais que mon r\u00f4le est l\u2019une des multiples branches de l\u2019arbre qu\u2019est la mise en sc\u00e8ne globale. Je vais \u00e9videmment m\u2019occuper de cr\u00e9er les pas de danse et les d\u00e9placements que les artistes effectueront sur sc\u00e8ne durant les chansons, mais sur <i>Le Monde de Peter Pan<\/i> mon travail ne se limitera pas \u00e0 cela. Avec Julie, nous allons travailler main dans la main pour cr\u00e9er des tableaux aux transitions fluides, et certaines sc\u00e8nes plus th\u00e9\u00e2trales seront \u00e9tudi\u00e9es avec les com\u00e9diens pour travailler la corporalit\u00e9 des personnages et leur \u00e9volution au fil de l\u2019histoire que raconte le spectacle.<\/p>\n<\/div><\/div><style type=\"text\/css\">.fusion-body .fusion-builder-column-3{width:100% !important;margin-top : 0px;margin-bottom : 20px;}.fusion-builder-column-3 > .fusion-column-wrapper {padding-top : 0px !important;padding-right : 0px !important;margin-right : 0px;padding-bottom : 0px !important;padding-left : 0px !important;margin-left : 0px;}@media only screen and (max-width:1024px) {.fusion-body .fusion-builder-column-3{width:100% !important;}.fusion-builder-column-3 > .fusion-column-wrapper {margin-right : 0px;margin-left : 0px;}}@media only screen and (max-width:640px) {.fusion-body .fusion-builder-column-3{width:100% !important;}.fusion-builder-column-3 > .fusion-column-wrapper {margin-right : 0px;margin-left : 0px;}}<\/style><\/div><\/div><style type=\"text\/css\">.fusion-body .fusion-flex-container.fusion-builder-row-4{ padding-top : 0px;margin-top : 0px;padding-right : 0px;padding-bottom : 0px;margin-bottom : 0px;padding-left : 0px;}<\/style><\/div><div class=\"fusion-fullwidth fullwidth-box fusion-builder-row-5 fusion-flex-container nonhundred-percent-fullwidth non-hundred-percent-height-scrolling\" style=\"background-color: rgba(255,255,255,0);background-position: center center;background-repeat: no-repeat;border-width: 0px 0px 0px 0px;border-color:#e2e2e2;border-style:solid;\" ><div class=\"fusion-builder-row fusion-row fusion-flex-align-items-flex-start\" style=\"max-width:calc( 1200px + 0px );margin-left: calc(-0px \/ 2 );margin-right: calc(-0px \/ 2 );\"><div class=\"fusion-layout-column fusion_builder_column fusion-builder-column-4 fusion_builder_column_1_1 1_1 fusion-flex-column\"><div class=\"fusion-column-wrapper fusion-flex-justify-content-flex-start fusion-content-layout-column\" style=\"background-position:left top;background-repeat:no-repeat;-webkit-background-size:cover;-moz-background-size:cover;-o-background-size:cover;background-size:cover;padding: 0px 0px 0px 0px;\"><div class=\"fusion-text fusion-text-5\"><p style=\"text-align: center;\"><a href=\"https:\/\/www.facebook.com\/LeMondeDePeterPan\/\">D\u00e9couvrez la distribution du <i>Monde de Peter Pan<\/i> sur la page Facebook du spectacle.<\/a><\/p>\n<\/div><\/div><style type=\"text\/css\">.fusion-body .fusion-builder-column-4{width:100% !important;margin-top : 0px;margin-bottom : 20px;}.fusion-builder-column-4 > .fusion-column-wrapper {padding-top : 0px !important;padding-right : 0px !important;margin-right : 0px;padding-bottom : 0px !important;padding-left : 0px !important;margin-left : 0px;}@media only screen and (max-width:1024px) {.fusion-body .fusion-builder-column-4{width:100% !important;}.fusion-builder-column-4 > .fusion-column-wrapper {margin-right : 0px;margin-left : 0px;}}@media only screen and (max-width:640px) {.fusion-body .fusion-builder-column-4{width:100% !important;}.fusion-builder-column-4 > .fusion-column-wrapper {margin-right : 0px;margin-left : 0px;}}<\/style><\/div><\/div><style type=\"text\/css\">.fusion-body .fusion-flex-container.fusion-builder-row-5{ padding-top : 0px;margin-top : 0px;padding-right : 0px;padding-bottom : 0px;margin-bottom : 0px;padding-left : 0px;}<\/style><\/div><div class=\"fusion-fullwidth fullwidth-box fusion-builder-row-6 fusion-flex-container nonhundred-percent-fullwidth non-hundred-percent-height-scrolling\" style=\"background-color: rgba(255,255,255,0);background-position: center center;background-repeat: no-repeat;border-width: 0px 0px 0px 0px;border-color:#e2e2e2;border-style:solid;\" ><div class=\"fusion-builder-row fusion-row fusion-flex-align-items-flex-start\" style=\"max-width:calc( 1200px + 0px );margin-left: calc(-0px \/ 2 );margin-right: calc(-0px \/ 2 );\"><div class=\"fusion-layout-column fusion_builder_column fusion-builder-column-5 fusion_builder_column_1_1 1_1 fusion-flex-column\"><div class=\"fusion-column-wrapper fusion-flex-justify-content-flex-start fusion-content-layout-column\" style=\"background-position:left top;background-repeat:no-repeat;-webkit-background-size:cover;-moz-background-size:cover;-o-background-size:cover;background-size:cover;padding: 0px 0px 0px 0px;\"><div class=\"fusion-slider-sc\"><div class=\"fusion-flexslider-loading flexslider fusion-aligncenter flexslider-hover-type-none fusion-slider-sc-cover\" data-slideshow_autoplay=\"1\" data-slideshow_smooth_height=\"0\" data-slideshow_speed=\"7000\" style=\"max-width:500px;height:500px;\"><ul class=\"slides\"><li class=\"image\"><span class=\"fusion-image-hover-element hover-type-none\"><img fetchpriority=\"high\" fetchpriority=\"high\" decoding=\"async\" src=\"https:\/\/www.compotedeprod.com\/wp-content\/uploads\/2020\/05\/Photo-Lara-cadre-800x800.png\" alt=\"Lara peglisaco Le monde de peter pan\" width=\"800\" height=\"800\" class=\"wp-image-13500\" srcset=\"https:\/\/www.compotedeprod.com\/wp-content\/uploads\/2020\/05\/Photo-Lara-cadre-200x200.png 200w, https:\/\/www.compotedeprod.com\/wp-content\/uploads\/2020\/05\/Photo-Lara-cadre-400x400.png 400w, https:\/\/www.compotedeprod.com\/wp-content\/uploads\/2020\/05\/Photo-Lara-cadre-600x600.png 600w, https:\/\/www.compotedeprod.com\/wp-content\/uploads\/2020\/05\/Photo-Lara-cadre-800x800.png 800w, https:\/\/www.compotedeprod.com\/wp-content\/uploads\/2020\/05\/Photo-Lara-cadre.png 1000w\" sizes=\"(max-width: 640px) 100vw, 800px\" \/><\/span><\/li><li class=\"image\"><span class=\"fusion-image-hover-element hover-type-none\"><img decoding=\"async\" src=\"https:\/\/www.compotedeprod.com\/wp-content\/uploads\/2020\/05\/Photo-David-cadre-800x800.png\" alt=\"david dumont le monde de peter pan\" width=\"800\" height=\"800\" class=\"wp-image-13501\" srcset=\"https:\/\/www.compotedeprod.com\/wp-content\/uploads\/2020\/05\/Photo-David-cadre-200x200.png 200w, https:\/\/www.compotedeprod.com\/wp-content\/uploads\/2020\/05\/Photo-David-cadre-400x400.png 400w, https:\/\/www.compotedeprod.com\/wp-content\/uploads\/2020\/05\/Photo-David-cadre-600x600.png 600w, https:\/\/www.compotedeprod.com\/wp-content\/uploads\/2020\/05\/Photo-David-cadre-800x800.png 800w, https:\/\/www.compotedeprod.com\/wp-content\/uploads\/2020\/05\/Photo-David-cadre.png 1000w\" sizes=\"(max-width: 640px) 100vw, 800px\" \/><\/span><\/li><li class=\"image\"><span class=\"fusion-image-hover-element hover-type-none\"><img decoding=\"async\" src=\"https:\/\/www.compotedeprod.com\/wp-content\/uploads\/2020\/05\/Photo-david-k-cadre-800x800.png\" alt=\"David Koenig le monde de peter pan\" width=\"800\" height=\"800\" class=\"wp-image-13502\" srcset=\"https:\/\/www.compotedeprod.com\/wp-content\/uploads\/2020\/05\/Photo-david-k-cadre-200x200.png 200w, https:\/\/www.compotedeprod.com\/wp-content\/uploads\/2020\/05\/Photo-david-k-cadre-400x400.png 400w, https:\/\/www.compotedeprod.com\/wp-content\/uploads\/2020\/05\/Photo-david-k-cadre-600x600.png 600w, https:\/\/www.compotedeprod.com\/wp-content\/uploads\/2020\/05\/Photo-david-k-cadre-800x800.png 800w, https:\/\/www.compotedeprod.com\/wp-content\/uploads\/2020\/05\/Photo-david-k-cadre.png 1000w\" sizes=\"(max-width: 640px) 100vw, 800px\" \/><\/span><\/li><li class=\"image\"><span class=\"fusion-image-hover-element hover-type-none\"><img loading=\"lazy\" loading=\"lazy\" decoding=\"async\" src=\"https:\/\/www.compotedeprod.com\/wp-content\/uploads\/2020\/05\/Photo-Juliette-B-cadre-800x800.png\" alt=\"Et si Mouche, l\u2019adjoint du Capitaine Crochet \u00e9tait une femme ?\" width=\"800\" height=\"800\" class=\"wp-image-13503\" srcset=\"https:\/\/www.compotedeprod.com\/wp-content\/uploads\/2020\/05\/Photo-Juliette-B-cadre-200x200.png 200w, https:\/\/www.compotedeprod.com\/wp-content\/uploads\/2020\/05\/Photo-Juliette-B-cadre-400x400.png 400w, https:\/\/www.compotedeprod.com\/wp-content\/uploads\/2020\/05\/Photo-Juliette-B-cadre-600x600.png 600w, https:\/\/www.compotedeprod.com\/wp-content\/uploads\/2020\/05\/Photo-Juliette-B-cadre-800x800.png 800w, https:\/\/www.compotedeprod.com\/wp-content\/uploads\/2020\/05\/Photo-Juliette-B-cadre.png 1000w\" sizes=\"auto, (max-width: 640px) 100vw, 800px\" \/><\/span><\/li><\/ul><\/div><\/div><\/div><style type=\"text\/css\">.fusion-body .fusion-builder-column-5{width:100% !important;margin-top : 0px;margin-bottom : 20px;}.fusion-builder-column-5 > .fusion-column-wrapper {padding-top : 0px !important;padding-right : 0px !important;margin-right : 0px;padding-bottom : 0px !important;padding-left : 0px !important;margin-left : 0px;}@media only screen and (max-width:1024px) {.fusion-body .fusion-builder-column-5{width:100% !important;}.fusion-builder-column-5 > .fusion-column-wrapper {margin-right : 0px;margin-left : 0px;}}@media only screen and (max-width:640px) {.fusion-body .fusion-builder-column-5{width:100% !important;}.fusion-builder-column-5 > .fusion-column-wrapper {margin-right : 0px;margin-left : 0px;}}<\/style><\/div><\/div><style type=\"text\/css\">.fusion-body .fusion-flex-container.fusion-builder-row-6{ padding-top : 0px;margin-top : 0px;padding-right : 0px;padding-bottom : 0px;margin-bottom : 0px;padding-left : 0px;}<\/style><\/div><div class=\"fusion-fullwidth fullwidth-box fusion-builder-row-7 fusion-flex-container nonhundred-percent-fullwidth non-hundred-percent-height-scrolling\" style=\"background-color: rgba(255,255,255,0);background-position: center center;background-repeat: no-repeat;border-width: 0px 0px 0px 0px;border-color:#e2e2e2;border-style:solid;\" ><div class=\"fusion-builder-row fusion-row fusion-flex-align-items-flex-start\" style=\"max-width:calc( 1200px + 0px );margin-left: calc(-0px \/ 2 );margin-right: calc(-0px \/ 2 );\"><div class=\"fusion-layout-column fusion_builder_column fusion-builder-column-6 fusion_builder_column_1_1 1_1 fusion-flex-column\"><div class=\"fusion-column-wrapper fusion-flex-justify-content-flex-start fusion-content-layout-column\" style=\"background-position:left top;background-repeat:no-repeat;-webkit-background-size:cover;-moz-background-size:cover;-o-background-size:cover;background-size:cover;padding: 0px 0px 0px 0px;\"><div class=\"fusion-text fusion-text-6\"><h2 class=\"fusion-responsive-typography-calculated\" style=\"line-height: 1.5;\" data-fontsize=\"24\" data-lineheight=\"36px\">C&rsquo;est la premi\u00e8re fois que tu chor\u00e9graphies un spectacle ? Peux-tu nous parler de tes autres exp\u00e9riences artistiques ?<\/h2>\n<\/div><\/div><style type=\"text\/css\">.fusion-body .fusion-builder-column-6{width:100% !important;margin-top : 0px;margin-bottom : 20px;}.fusion-builder-column-6 > .fusion-column-wrapper {padding-top : 0px !important;padding-right : 0px !important;margin-right : 0px;padding-bottom : 0px !important;padding-left : 0px !important;margin-left : 0px;}@media only screen and (max-width:1024px) {.fusion-body .fusion-builder-column-6{width:100% !important;}.fusion-builder-column-6 > .fusion-column-wrapper {margin-right : 0px;margin-left : 0px;}}@media only screen and (max-width:640px) {.fusion-body .fusion-builder-column-6{width:100% !important;}.fusion-builder-column-6 > .fusion-column-wrapper {margin-right : 0px;margin-left : 0px;}}<\/style><\/div><\/div><style type=\"text\/css\">.fusion-body .fusion-flex-container.fusion-builder-row-7{ padding-top : 0px;margin-top : 0px;padding-right : 0px;padding-bottom : 0px;margin-bottom : 0px;padding-left : 0px;}<\/style><\/div><div class=\"fusion-fullwidth fullwidth-box fusion-builder-row-8 fusion-flex-container nonhundred-percent-fullwidth non-hundred-percent-height-scrolling\" style=\"background-color: rgba(255,255,255,0);background-position: center center;background-repeat: no-repeat;border-width: 0px 0px 0px 0px;border-color:#e2e2e2;border-style:solid;\" ><div class=\"fusion-builder-row fusion-row fusion-flex-align-items-flex-start\" style=\"max-width:calc( 1200px + 0px );margin-left: calc(-0px \/ 2 );margin-right: calc(-0px \/ 2 );\"><div class=\"fusion-layout-column fusion_builder_column fusion-builder-column-7 fusion_builder_column_1_1 1_1 fusion-flex-column\"><div class=\"fusion-column-wrapper fusion-flex-justify-content-flex-start fusion-content-layout-column\" style=\"background-position:left top;background-repeat:no-repeat;-webkit-background-size:cover;-moz-background-size:cover;-o-background-size:cover;background-size:cover;padding: 0px 0px 0px 0px;\"><div class=\"fusion-text fusion-text-7\"><p>Dans le cadre de la cr\u00e9ation d\u2019un spectacle musical, il s\u2019agit de ma deuxi\u00e8me exp\u00e9rience de chor\u00e9graphe. Avant cela, j\u2019ai eu l\u2019opportunit\u00e9 de chor\u00e9graphier l\u2019adaptation fran\u00e7aise du spectacle <i>Heathers : The Musical<\/i> [livret original de Laurence O&rsquo;Keefe et Kevin Murphy, nldr]. Traduit <i>Esther\u2019s, le musical<\/i> en fran\u00e7ais, ce spectacle a \u00e9t\u00e9 mont\u00e9 par Pauline Langlois de Swarte qui sera d\u2019ailleurs en charge de la direction vocale sur Le Monde de Peter Pan. J\u2019ai eu la chance qu\u2019elle me guide en amont des r\u00e9p\u00e9titions afin de d\u00e9terminer les objectifs artistiques et de travailler efficacement.<\/p>\n<p>Les personnages existaient d\u00e9j\u00e0, leur mod\u00e8le anglo-saxons et am\u00e9ricain aussi, ainsi que le livret, les musiques, les chor\u00e9graphies. L\u2019enjeu pour moi \u00e9tait de cr\u00e9er ma propre danse sur les musiques phare de ce spectacle connu, pour un casting de dix-sept artistes et compos\u00e9 principalement de non-danseurs. Je suis tr\u00e8s fi\u00e8re d\u2019avoir particip\u00e9 \u00e0 cette aventure !<\/p>\n<p>Autrement, je suis moi-m\u00eame artiste de com\u00e9die musicale : j\u2019incarne le r\u00f4le-titre dans <em>Alice, la com\u00e9die musicale<\/em> depuis mes seize ans, ainsi que celui d\u2019<i>Huckleberry Finn<\/i>, r\u00f4le que j\u2019ai cr\u00e9\u00e9 au th\u00e9\u00e2tre de la Huchette lors de l\u2019\u00e9t\u00e9 2019.<\/p>\n<\/div><\/div><style type=\"text\/css\">.fusion-body .fusion-builder-column-7{width:100% !important;margin-top : 0px;margin-bottom : 20px;}.fusion-builder-column-7 > .fusion-column-wrapper {padding-top : 0px !important;padding-right : 0px !important;margin-right : 0px;padding-bottom : 0px !important;padding-left : 0px !important;margin-left : 0px;}@media only screen and (max-width:1024px) {.fusion-body .fusion-builder-column-7{width:100% !important;}.fusion-builder-column-7 > .fusion-column-wrapper {margin-right : 0px;margin-left : 0px;}}@media only screen and (max-width:640px) {.fusion-body .fusion-builder-column-7{width:100% !important;}.fusion-builder-column-7 > .fusion-column-wrapper {margin-right : 0px;margin-left : 0px;}}<\/style><\/div><\/div><style type=\"text\/css\">.fusion-body .fusion-flex-container.fusion-builder-row-8{ padding-top : 0px;margin-top : 0px;padding-right : 0px;padding-bottom : 0px;margin-bottom : 0px;padding-left : 0px;}<\/style><\/div><div class=\"fusion-fullwidth fullwidth-box fusion-builder-row-9 fusion-flex-container nonhundred-percent-fullwidth non-hundred-percent-height-scrolling\" style=\"background-color: rgba(255,255,255,0);background-position: center center;background-repeat: no-repeat;border-width: 0px 0px 0px 0px;border-color:#e2e2e2;border-style:solid;\" ><div class=\"fusion-builder-row fusion-row fusion-flex-align-items-flex-start\" style=\"max-width:calc( 1200px + 0px );margin-left: calc(-0px \/ 2 );margin-right: calc(-0px \/ 2 );\"><div class=\"fusion-layout-column fusion_builder_column fusion-builder-column-8 fusion_builder_column_1_1 1_1 fusion-flex-column\"><div class=\"fusion-column-wrapper fusion-flex-justify-content-flex-start fusion-content-layout-column\" style=\"background-position:left top;background-repeat:no-repeat;-webkit-background-size:cover;-moz-background-size:cover;-o-background-size:cover;background-size:cover;padding: 0px 0px 0px 0px;\"><div class=\"fusion-text fusion-text-8\"><blockquote>\n<p class=\"entry-title fusion-post-title fusion-responsive-typography-calculated\" data-fontsize=\"40\" data-lineheight=\"45.2px\"><a href=\"https:\/\/www.compotedeprod.com\/2020\/04\/11\/et-si-peter-pan-netait-pas-si-gentil-que-ca\/\">Et si Peter Pan n\u2019\u00e9tait pas si gentil que \u00e7a ? Lisez notre analyse.<\/a><\/p>\n<\/blockquote>\n<\/div><\/div><style type=\"text\/css\">.fusion-body .fusion-builder-column-8{width:100% !important;margin-top : 0px;margin-bottom : 20px;}.fusion-builder-column-8 > .fusion-column-wrapper {padding-top : 0px !important;padding-right : 0px !important;margin-right : 0px;padding-bottom : 0px !important;padding-left : 0px !important;margin-left : 0px;}@media only screen and (max-width:1024px) {.fusion-body .fusion-builder-column-8{width:100% !important;}.fusion-builder-column-8 > .fusion-column-wrapper {margin-right : 0px;margin-left : 0px;}}@media only screen and (max-width:640px) {.fusion-body .fusion-builder-column-8{width:100% !important;}.fusion-builder-column-8 > .fusion-column-wrapper {margin-right : 0px;margin-left : 0px;}}<\/style><\/div><\/div><style type=\"text\/css\">.fusion-body .fusion-flex-container.fusion-builder-row-9{ padding-top : 0px;margin-top : 0px;padding-right : 0px;padding-bottom : 0px;margin-bottom : 0px;padding-left : 0px;}<\/style><\/div><div class=\"fusion-fullwidth fullwidth-box fusion-builder-row-10 fusion-flex-container nonhundred-percent-fullwidth non-hundred-percent-height-scrolling\" style=\"background-color: rgba(255,255,255,0);background-position: center center;background-repeat: no-repeat;border-width: 0px 0px 0px 0px;border-color:#e2e2e2;border-style:solid;\" ><div class=\"fusion-builder-row fusion-row fusion-flex-align-items-flex-start\" style=\"max-width:calc( 1200px + 0px );margin-left: calc(-0px \/ 2 );margin-right: calc(-0px \/ 2 );\"><div class=\"fusion-layout-column fusion_builder_column fusion-builder-column-9 fusion_builder_column_1_1 1_1 fusion-flex-column\"><div class=\"fusion-column-wrapper fusion-flex-justify-content-flex-start fusion-content-layout-column\" style=\"background-position:left top;background-repeat:no-repeat;-webkit-background-size:cover;-moz-background-size:cover;-o-background-size:cover;background-size:cover;padding: 0px 0px 0px 0px;\"><div class=\"fusion-text fusion-text-9\"><h2 class=\"fusion-responsive-typography-calculated\" style=\"line-height: 1.5;\" data-fontsize=\"24\" data-lineheight=\"36px\">Comment t\u2019es-tu retrouv\u00e9e \u00e0 travailler sur ce spectacle ?<\/h2>\n<\/div><\/div><style type=\"text\/css\">.fusion-body .fusion-builder-column-9{width:100% !important;margin-top : 0px;margin-bottom : 20px;}.fusion-builder-column-9 > .fusion-column-wrapper {padding-top : 0px !important;padding-right : 0px !important;margin-right : 0px;padding-bottom : 0px !important;padding-left : 0px !important;margin-left : 0px;}@media only screen and (max-width:1024px) {.fusion-body .fusion-builder-column-9{width:100% !important;}.fusion-builder-column-9 > .fusion-column-wrapper {margin-right : 0px;margin-left : 0px;}}@media only screen and (max-width:640px) {.fusion-body .fusion-builder-column-9{width:100% !important;}.fusion-builder-column-9 > .fusion-column-wrapper {margin-right : 0px;margin-left : 0px;}}<\/style><\/div><\/div><style type=\"text\/css\">.fusion-body .fusion-flex-container.fusion-builder-row-10{ padding-top : 0px;margin-top : 0px;padding-right : 0px;padding-bottom : 0px;margin-bottom : 0px;padding-left : 0px;}<\/style><\/div><div class=\"fusion-fullwidth fullwidth-box fusion-builder-row-11 fusion-flex-container nonhundred-percent-fullwidth non-hundred-percent-height-scrolling\" style=\"background-color: rgba(255,255,255,0);background-position: center center;background-repeat: no-repeat;border-width: 0px 0px 0px 0px;border-color:#e2e2e2;border-style:solid;\" ><div class=\"fusion-builder-row fusion-row fusion-flex-align-items-flex-start\" style=\"max-width:calc( 1200px + 0px );margin-left: calc(-0px \/ 2 );margin-right: calc(-0px \/ 2 );\"><div class=\"fusion-layout-column fusion_builder_column fusion-builder-column-10 fusion_builder_column_1_1 1_1 fusion-flex-column\"><div class=\"fusion-column-wrapper fusion-flex-justify-content-flex-start fusion-content-layout-column\" style=\"background-position:left top;background-repeat:no-repeat;-webkit-background-size:cover;-moz-background-size:cover;-o-background-size:cover;background-size:cover;padding: 0px 0px 0px 0px;\"><div class=\"fusion-text fusion-text-10\"><p>Julie Lemas, metteuse en sc\u00e8ne, m\u2019avait propos\u00e9 il y a quelques temps de travailler avec elle sur la cr\u00e9ation de quelques chor\u00e9graphies pour sa r\u00e9\u00e9criture de Souviens-toi Pan. Notre bin\u00f4me \u00e9tait fluide, j\u2019ai ador\u00e9 collaborer avec elle : c\u2019\u00e9tait la premi\u00e8re fois que je prenais une commande pour un spectacle, et je ne saurais vous d\u00e9crire la bienveillance avec laquelle elle a accueilli mes id\u00e9es, ni la confiance qu\u2019elle m\u2019a inspir\u00e9e sur ces quelques heures de travail.<\/p>\n<p>Quelques mois plus tard, j\u2019ai \u00e9t\u00e9 invit\u00e9e \u00e0 un ap\u00e9ro chez l\u2019un de nos producteurs, avec diff\u00e9rentes personnes de l\u2019\u00e9quipe artistique, cr\u00e9ative et technique de Compote de Prod, dont Julie Lemas. Cette soir\u00e9e a officieusement inaugur\u00e9 le lancement du Monde de Peter Pan, dont on cherchait encore le titre \u00e0 l\u2019\u00e9poque.<\/p>\n<\/div><\/div><style type=\"text\/css\">.fusion-body .fusion-builder-column-10{width:100% !important;margin-top : 0px;margin-bottom : 20px;}.fusion-builder-column-10 > .fusion-column-wrapper {padding-top : 0px !important;padding-right : 0px !important;margin-right : 0px;padding-bottom : 0px !important;padding-left : 0px !important;margin-left : 0px;}@media only screen and (max-width:1024px) {.fusion-body .fusion-builder-column-10{width:100% !important;}.fusion-builder-column-10 > .fusion-column-wrapper {margin-right : 0px;margin-left : 0px;}}@media only screen and (max-width:640px) {.fusion-body .fusion-builder-column-10{width:100% !important;}.fusion-builder-column-10 > .fusion-column-wrapper {margin-right : 0px;margin-left : 0px;}}<\/style><\/div><\/div><style type=\"text\/css\">.fusion-body .fusion-flex-container.fusion-builder-row-11{ padding-top : 0px;margin-top : 0px;padding-right : 0px;padding-bottom : 0px;margin-bottom : 0px;padding-left : 0px;}<\/style><\/div><div class=\"fusion-fullwidth fullwidth-box fusion-builder-row-12 fusion-flex-container nonhundred-percent-fullwidth non-hundred-percent-height-scrolling\" style=\"background-color: rgba(255,255,255,0);background-position: center center;background-repeat: no-repeat;border-width: 0px 0px 0px 0px;border-color:#e2e2e2;border-style:solid;\" ><div class=\"fusion-builder-row fusion-row fusion-flex-align-items-flex-start\" style=\"max-width:calc( 1200px + 0px );margin-left: calc(-0px \/ 2 );margin-right: calc(-0px \/ 2 );\"><div class=\"fusion-layout-column fusion_builder_column fusion-builder-column-11 fusion_builder_column_1_1 1_1 fusion-flex-column\"><div class=\"fusion-column-wrapper fusion-flex-justify-content-flex-start fusion-content-layout-column\" style=\"background-position:left top;background-repeat:no-repeat;-webkit-background-size:cover;-moz-background-size:cover;-o-background-size:cover;background-size:cover;padding: 0px 0px 0px 0px;\"><div class=\"fusion-text fusion-text-11\"><h2 class=\"fusion-responsive-typography-calculated\" style=\"line-height: 1.5;\" data-fontsize=\"24\" data-lineheight=\"36px\">Quel sens as-tu souhait\u00e9 donner \u00e0 tes chor\u00e9graphies ? Quelle est ta vision artistique ?<\/h2>\n<\/div><\/div><style type=\"text\/css\">.fusion-body .fusion-builder-column-11{width:100% !important;margin-top : 0px;margin-bottom : 20px;}.fusion-builder-column-11 > .fusion-column-wrapper {padding-top : 0px !important;padding-right : 0px !important;margin-right : 0px;padding-bottom : 0px !important;padding-left : 0px !important;margin-left : 0px;}@media only screen and (max-width:1024px) {.fusion-body .fusion-builder-column-11{width:100% !important;}.fusion-builder-column-11 > .fusion-column-wrapper {margin-right : 0px;margin-left : 0px;}}@media only screen and (max-width:640px) {.fusion-body .fusion-builder-column-11{width:100% !important;}.fusion-builder-column-11 > .fusion-column-wrapper {margin-right : 0px;margin-left : 0px;}}<\/style><\/div><\/div><style type=\"text\/css\">.fusion-body .fusion-flex-container.fusion-builder-row-12{ padding-top : 0px;margin-top : 0px;padding-right : 0px;padding-bottom : 0px;margin-bottom : 0px;padding-left : 0px;}<\/style><\/div><div class=\"fusion-fullwidth fullwidth-box fusion-builder-row-13 fusion-flex-container nonhundred-percent-fullwidth non-hundred-percent-height-scrolling\" style=\"background-color: rgba(255,255,255,0);background-position: center center;background-repeat: no-repeat;border-width: 0px 0px 0px 0px;border-color:#e2e2e2;border-style:solid;\" ><div class=\"fusion-builder-row fusion-row fusion-flex-align-items-flex-start\" style=\"max-width:calc( 1200px + 0px );margin-left: calc(-0px \/ 2 );margin-right: calc(-0px \/ 2 );\"><div class=\"fusion-layout-column fusion_builder_column fusion-builder-column-12 fusion_builder_column_1_1 1_1 fusion-flex-column\"><div class=\"fusion-column-wrapper fusion-flex-justify-content-flex-start fusion-content-layout-column\" style=\"background-position:left top;background-repeat:no-repeat;-webkit-background-size:cover;-moz-background-size:cover;-o-background-size:cover;background-size:cover;padding: 0px 0px 0px 0px;\"><div class=\"fusion-text fusion-text-12\"><p>Mon processus de cr\u00e9ation est beaucoup plus instinctif que sens\u00e9. Une fois les enjeux des personnages, d\u2019un tableau et la musique assimil\u00e9s, je me laisse porter par ce que mon corps veut dire. Cependant, j\u2019accorde beaucoup d\u2019importance \u00e0 l\u2019organicit\u00e9 du mouvement. Je souhaite faire du sur-mesure avec nos interpr\u00e8tes et leurs capacit\u00e9s, tout en leur communiquant un peu de mon langage. Amoureuse du contemporain, j\u2019aime l\u2019efficacit\u00e9, la sobri\u00e9t\u00e9, qui parfois laisse bien plus de place \u00e0 la po\u00e9sie d\u2019un moment sc\u00e9nique. Mais je reste influenc\u00e9e par des styles plus d\u00e9monstratifs et expressifs, tels que le jazz, l\u2019afro-jazz, le moderne et m\u00eame le ballet classique.<\/p>\n<p>Je souhaite puiser dans ce large panel de mes inspirations pour participer \u00e0 cr\u00e9er cet univers onirique qu\u2019est <i>Le Monde de Peter Pan,<\/i> o\u00f9 se rejoignent des pirates inqui\u00e9tants et des enfants perdus et insouciants. Le Pays de Nulle Part est rythm\u00e9 par la rivalit\u00e9 sombre entre deux camps qui veulent avant tout \u00eatre berc\u00e9s par la douceur d\u2019une maman. Wendy sera l\u2019expression m\u00eame de cette diversit\u00e9 : sa danse est influenc\u00e9e par les personnages qu\u2019elle rencontre, inspir\u00e9e par les aventures auxquelles elle participe, elle finit par trouver sa propre forme d\u2019expression.<\/p>\n<\/div><\/div><style type=\"text\/css\">.fusion-body .fusion-builder-column-12{width:100% !important;margin-top : 0px;margin-bottom : 20px;}.fusion-builder-column-12 > .fusion-column-wrapper {padding-top : 0px !important;padding-right : 0px !important;margin-right : 0px;padding-bottom : 0px !important;padding-left : 0px !important;margin-left : 0px;}@media only screen and (max-width:1024px) {.fusion-body .fusion-builder-column-12{width:100% !important;}.fusion-builder-column-12 > .fusion-column-wrapper {margin-right : 0px;margin-left : 0px;}}@media only screen and (max-width:640px) {.fusion-body .fusion-builder-column-12{width:100% !important;}.fusion-builder-column-12 > .fusion-column-wrapper {margin-right : 0px;margin-left : 0px;}}<\/style><\/div><\/div><style type=\"text\/css\">.fusion-body .fusion-flex-container.fusion-builder-row-13{ padding-top : 0px;margin-top : 0px;padding-right : 0px;padding-bottom : 0px;margin-bottom : 0px;padding-left : 0px;}<\/style><\/div><div class=\"fusion-fullwidth fullwidth-box fusion-builder-row-14 fusion-flex-container nonhundred-percent-fullwidth non-hundred-percent-height-scrolling\" style=\"background-color: rgba(255,255,255,0);background-position: center center;background-repeat: no-repeat;border-width: 0px 0px 0px 0px;border-color:#e2e2e2;border-style:solid;\" ><div class=\"fusion-builder-row fusion-row fusion-flex-align-items-flex-start\" style=\"max-width:calc( 1200px + 0px );margin-left: calc(-0px \/ 2 );margin-right: calc(-0px \/ 2 );\"><div class=\"fusion-layout-column fusion_builder_column fusion-builder-column-13 fusion_builder_column_1_1 1_1 fusion-flex-column\"><div class=\"fusion-column-wrapper fusion-flex-justify-content-flex-start fusion-content-layout-column\" style=\"background-position:left top;background-repeat:no-repeat;-webkit-background-size:cover;-moz-background-size:cover;-o-background-size:cover;background-size:cover;padding: 0px 0px 0px 0px;\"><div class=\"fusion-text fusion-text-13\"><blockquote>\n<p><a href=\"https:\/\/www.compotedeprod.com\/2020\/04\/26\/artistes-voila-comment-vous-pouvez-continuer-a-travailler-pendant-le-confinement\/\">Emission Youtube, nouveau projet, sport&#8230; Comment les acteurs du monde de la culture ont continu\u00e9 \u00e0 travailler pendant le confinement ?<\/a><\/p>\n<\/blockquote>\n<\/div><\/div><style type=\"text\/css\">.fusion-body .fusion-builder-column-13{width:100% !important;margin-top : 0px;margin-bottom : 20px;}.fusion-builder-column-13 > .fusion-column-wrapper {padding-top : 0px !important;padding-right : 0px !important;margin-right : 0px;padding-bottom : 0px !important;padding-left : 0px !important;margin-left : 0px;}@media only screen and (max-width:1024px) {.fusion-body .fusion-builder-column-13{width:100% !important;}.fusion-builder-column-13 > .fusion-column-wrapper {margin-right : 0px;margin-left : 0px;}}@media only screen and (max-width:640px) {.fusion-body .fusion-builder-column-13{width:100% !important;}.fusion-builder-column-13 > .fusion-column-wrapper {margin-right : 0px;margin-left : 0px;}}<\/style><\/div><\/div><style type=\"text\/css\">.fusion-body .fusion-flex-container.fusion-builder-row-14{ padding-top : 0px;margin-top : 0px;padding-right : 0px;padding-bottom : 0px;margin-bottom : 0px;padding-left : 0px;}<\/style><\/div><div class=\"fusion-fullwidth fullwidth-box fusion-builder-row-15 fusion-flex-container nonhundred-percent-fullwidth non-hundred-percent-height-scrolling\" style=\"background-color: rgba(255,255,255,0);background-position: center center;background-repeat: no-repeat;border-width: 0px 0px 0px 0px;border-color:#e2e2e2;border-style:solid;\" ><div class=\"fusion-builder-row fusion-row fusion-flex-align-items-flex-start\" style=\"max-width:calc( 1200px + 0px );margin-left: calc(-0px \/ 2 );margin-right: calc(-0px \/ 2 );\"><div class=\"fusion-layout-column fusion_builder_column fusion-builder-column-14 fusion_builder_column_1_1 1_1 fusion-flex-column\"><div class=\"fusion-column-wrapper fusion-flex-justify-content-flex-start fusion-content-layout-column\" style=\"background-position:left top;background-repeat:no-repeat;-webkit-background-size:cover;-moz-background-size:cover;-o-background-size:cover;background-size:cover;padding: 0px 0px 0px 0px;\"><div class=\"fusion-text fusion-text-14\"><h2 class=\"fusion-responsive-typography-calculated\" style=\"line-height: 1.5;\" data-fontsize=\"24\" data-lineheight=\"36px\">Quelle place rev\u00eat la danse au sein du spectacle ? Qu\u2019est-ce qu\u2019elle repr\u00e9sente ?<\/h2>\n<\/div><\/div><style type=\"text\/css\">.fusion-body .fusion-builder-column-14{width:100% !important;margin-top : 0px;margin-bottom : 20px;}.fusion-builder-column-14 > .fusion-column-wrapper {padding-top : 0px !important;padding-right : 0px !important;margin-right : 0px;padding-bottom : 0px !important;padding-left : 0px !important;margin-left : 0px;}@media only screen and (max-width:1024px) {.fusion-body .fusion-builder-column-14{width:100% !important;}.fusion-builder-column-14 > .fusion-column-wrapper {margin-right : 0px;margin-left : 0px;}}@media only screen and (max-width:640px) {.fusion-body .fusion-builder-column-14{width:100% !important;}.fusion-builder-column-14 > .fusion-column-wrapper {margin-right : 0px;margin-left : 0px;}}<\/style><\/div><\/div><style type=\"text\/css\">.fusion-body .fusion-flex-container.fusion-builder-row-15{ padding-top : 0px;margin-top : 0px;padding-right : 0px;padding-bottom : 0px;margin-bottom : 0px;padding-left : 0px;}<\/style><\/div><div class=\"fusion-fullwidth fullwidth-box fusion-builder-row-16 fusion-flex-container nonhundred-percent-fullwidth non-hundred-percent-height-scrolling\" style=\"background-color: rgba(255,255,255,0);background-position: center center;background-repeat: no-repeat;border-width: 0px 0px 0px 0px;border-color:#e2e2e2;border-style:solid;\" ><div class=\"fusion-builder-row fusion-row fusion-flex-align-items-flex-start\" style=\"max-width:calc( 1200px + 0px );margin-left: calc(-0px \/ 2 );margin-right: calc(-0px \/ 2 );\"><div class=\"fusion-layout-column fusion_builder_column fusion-builder-column-15 fusion_builder_column_1_1 1_1 fusion-flex-column\"><div class=\"fusion-column-wrapper fusion-flex-justify-content-flex-start fusion-content-layout-column\" style=\"background-position:left top;background-repeat:no-repeat;-webkit-background-size:cover;-moz-background-size:cover;-o-background-size:cover;background-size:cover;padding: 0px 0px 0px 0px;\"><div class=\"fusion-text fusion-text-15\"><p>La danse n\u2019est pas qu\u2019un accessoire, ou un moyen de faire d\u2019un tableau musical une \u0153uvre visuelle spectaculaire. M\u00eame si la performance des artistes apporte un dimension exceptionnelle importante pour susciter l\u2019admiration des spectateurs, je pense qu\u2019il ne faut pas oublier qu\u2019il s\u2019agit d\u2019un langage suppl\u00e9mentaire pour les personnages sur sc\u00e8ne, au m\u00eame titre que le chant et la com\u00e9die.<\/p>\n<p>Dans ce spectacle, en particulier, on y accorde une importance significative, et j\u2019en suis tr\u00e8s heureuse ! Au-del\u00e0 des chor\u00e9graphies, chaque personnage poss\u00e8de des caract\u00e9ristiques psychologiques bien sp\u00e9cifiques qui se ressentent directement dans leur fa\u00e7on d\u2019appr\u00e9hender l\u2019espace. Ce travail se fait d\u00e9j\u00e0 en tant que com\u00e9dien ; lorsqu\u2019on aborde un r\u00f4le, on commence souvent par imaginer son corps et ses mouvements, voire ses manies.<\/p>\n<p>Avec mon approche de danseuse et mon regard de chor\u00e9graphe, j\u2019esp\u00e8re enrichir la recherche individuelle, afin que nos interpr\u00e8tes alimentent en retour mes chor\u00e9graphies et le rendu final du spectacle.<\/p>\n<\/div><\/div><style type=\"text\/css\">.fusion-body .fusion-builder-column-15{width:100% !important;margin-top : 0px;margin-bottom : 20px;}.fusion-builder-column-15 > .fusion-column-wrapper {padding-top : 0px !important;padding-right : 0px !important;margin-right : 0px;padding-bottom : 0px !important;padding-left : 0px !important;margin-left : 0px;}@media only screen and (max-width:1024px) {.fusion-body .fusion-builder-column-15{width:100% !important;}.fusion-builder-column-15 > .fusion-column-wrapper {margin-right : 0px;margin-left : 0px;}}@media only screen and (max-width:640px) {.fusion-body .fusion-builder-column-15{width:100% !important;}.fusion-builder-column-15 > .fusion-column-wrapper {margin-right : 0px;margin-left : 0px;}}<\/style><\/div><\/div><style type=\"text\/css\">.fusion-body .fusion-flex-container.fusion-builder-row-16{ padding-top : 0px;margin-top : 0px;padding-right : 0px;padding-bottom : 0px;margin-bottom : 0px;padding-left : 0px;}<\/style><\/div><div class=\"fusion-fullwidth fullwidth-box fusion-builder-row-17 fusion-flex-container nonhundred-percent-fullwidth non-hundred-percent-height-scrolling\" style=\"background-color: rgba(255,255,255,0);background-position: center center;background-repeat: no-repeat;border-width: 0px 0px 0px 0px;border-color:#e2e2e2;border-style:solid;\" ><div class=\"fusion-builder-row fusion-row fusion-flex-align-items-flex-start\" style=\"max-width:calc( 1200px + 0px );margin-left: calc(-0px \/ 2 );margin-right: calc(-0px \/ 2 );\"><div class=\"fusion-layout-column fusion_builder_column fusion-builder-column-16 fusion_builder_column_1_1 1_1 fusion-flex-column\"><div class=\"fusion-column-wrapper fusion-flex-justify-content-flex-start fusion-content-layout-column\" style=\"background-position:left top;background-repeat:no-repeat;-webkit-background-size:cover;-moz-background-size:cover;-o-background-size:cover;background-size:cover;padding: 0px 0px 0px 0px;\"><iframe src=\"https:\/\/www.facebook.com\/plugins\/page.php?href=https%3A%2F%2Fwww.facebook.com%2FLeMondeDePeterPan%2F&tabs=timeline&width=340&height=500&small_header=false&adapt_container_width=true&hide_cover=false&show_facepile=true&appId=280467371980663\" width=\"340\" height=\"500\" style=\"border:none;overflow:hidden\" scrolling=\"no\" frameborder=\"0\" allowTransparency=\"true\" allow=\"encrypted-media\"><\/iframe><\/div><style type=\"text\/css\">.fusion-body .fusion-builder-column-16{width:100% !important;margin-top : 0px;margin-bottom : 20px;}.fusion-builder-column-16 > .fusion-column-wrapper {padding-top : 0px !important;padding-right : 0px !important;margin-right : 0px;padding-bottom : 0px !important;padding-left : 0px !important;margin-left : 0px;}@media only screen and (max-width:1024px) {.fusion-body .fusion-builder-column-16{width:100% !important;}.fusion-builder-column-16 > .fusion-column-wrapper {margin-right : 0px;margin-left : 0px;}}@media only screen and (max-width:640px) {.fusion-body .fusion-builder-column-16{width:100% !important;}.fusion-builder-column-16 > .fusion-column-wrapper {margin-right : 0px;margin-left : 0px;}}<\/style><\/div><\/div><style type=\"text\/css\">.fusion-body .fusion-flex-container.fusion-builder-row-17{ padding-top : 0px;margin-top : 0px;padding-right : 0px;padding-bottom : 0px;margin-bottom : 0px;padding-left : 0px;}<\/style><\/div><div class=\"fusion-fullwidth fullwidth-box fusion-builder-row-18 fusion-flex-container nonhundred-percent-fullwidth non-hundred-percent-height-scrolling\" style=\"background-color: rgba(255,255,255,0);background-position: center center;background-repeat: no-repeat;border-width: 0px 0px 0px 0px;border-color:#e2e2e2;border-style:solid;\" ><div class=\"fusion-builder-row fusion-row fusion-flex-align-items-flex-start\" style=\"max-width:calc( 1200px + 0px );margin-left: calc(-0px \/ 2 );margin-right: calc(-0px \/ 2 );\"><div class=\"fusion-layout-column fusion_builder_column fusion-builder-column-17 fusion_builder_column_1_1 1_1 fusion-flex-column\"><div class=\"fusion-column-wrapper fusion-flex-justify-content-flex-start fusion-content-layout-column\" style=\"background-position:left top;background-repeat:no-repeat;-webkit-background-size:cover;-moz-background-size:cover;-o-background-size:cover;background-size:cover;padding: 0px 0px 0px 0px;\"><div class=\"fusion-text fusion-text-16\"><p style=\"text-align: center;\"><strong>Suivez Compote de Prod sur les r\u00e9seaux sociaux<\/strong><\/p>\n<\/div><div class=\"fusion-social-links\" style=\"text-align:center\"><div class=\"fusion-social-networks boxed-icons\"><div class=\"fusion-social-networks-wrapper\"><a class=\"fusion-social-network-icon fusion-tooltip fusion-facebook fusion-icon-facebook\" style=\"color:#ffffff;font-size:16px;width: calc(16px + (2 * (8px)) + 2px);background-color:#3b5998;border-color:#3b5998;border-radius:4px;\" data-placement=\"top\" data-title=\"Facebook\" data-toggle=\"tooltip\" title=\"Facebook\" aria-label=\"facebook\" target=\"_blank\" rel=\"noopener noreferrer\" href=\"https:\/\/www.facebook.com\/Compote2Prod\/\"><\/a><a class=\"fusion-social-network-icon fusion-tooltip fusion-twitter fusion-icon-twitter\" style=\"color:#ffffff;font-size:16px;width: calc(16px + (2 * (8px)) + 2px);background-color:#55acee;border-color:#55acee;border-radius:4px;\" data-placement=\"top\" data-title=\"Twitter\" data-toggle=\"tooltip\" title=\"Twitter\" aria-label=\"twitter\" target=\"_blank\" rel=\"noopener noreferrer\" href=\"https:\/\/twitter.com\/CompoteDeProd\"><\/a><a class=\"fusion-social-network-icon fusion-tooltip fusion-instagram fusion-icon-instagram\" style=\"color:#ffffff;font-size:16px;width: calc(16px + (2 * (8px)) + 2px);background-color:#3f729b;border-color:#3f729b;border-radius:4px;\" data-placement=\"top\" data-title=\"Instagram\" data-toggle=\"tooltip\" title=\"Instagram\" aria-label=\"instagram\" target=\"_blank\" rel=\"noopener noreferrer\" href=\"https:\/\/www.instagram.com\/compotedeprod\/?hl=fr\"><\/a><a class=\"fusion-social-network-icon fusion-tooltip fusion-youtube fusion-icon-youtube\" style=\"color:#ffffff;font-size:16px;width: calc(16px + (2 * (8px)) + 2px);background-color:#cd201f;border-color:#cd201f;border-radius:4px;\" data-placement=\"top\" data-title=\"YouTube\" data-toggle=\"tooltip\" title=\"YouTube\" aria-label=\"youtube\" target=\"_blank\" rel=\"noopener noreferrer\" href=\"https:\/\/www.youtube.com\/channel\/UCMjN2mNvFje6pDUwvsp4K7Q\"><\/a><\/div><\/div><\/div><\/div><style type=\"text\/css\">.fusion-body .fusion-builder-column-17{width:100% !important;margin-top : 0px;margin-bottom : 20px;}.fusion-builder-column-17 > .fusion-column-wrapper {padding-top : 0px !important;padding-right : 0px !important;margin-right : 0px;padding-bottom : 0px !important;padding-left : 0px !important;margin-left : 0px;}@media only screen and (max-width:1024px) {.fusion-body .fusion-builder-column-17{width:100% !important;}.fusion-builder-column-17 > .fusion-column-wrapper {margin-right : 0px;margin-left : 0px;}}@media only screen and (max-width:640px) {.fusion-body .fusion-builder-column-17{width:100% !important;}.fusion-builder-column-17 > .fusion-column-wrapper {margin-right : 0px;margin-left : 0px;}}<\/style><\/div><\/div><style type=\"text\/css\">.fusion-body .fusion-flex-container.fusion-builder-row-18{ padding-top : 0px;margin-top : 0px;padding-right : 0px;padding-bottom : 0px;margin-bottom : 0px;padding-left : 0px;}<\/style><\/div><div class=\"fusion-fullwidth fullwidth-box fusion-builder-row-19 fusion-flex-container nonhundred-percent-fullwidth non-hundred-percent-height-scrolling\" style=\"background-color: rgba(255,255,255,0);background-position: center center;background-repeat: no-repeat;border-width: 0px 0px 0px 0px;border-color:#e2e2e2;border-style:solid;\" ><div class=\"fusion-builder-row fusion-row fusion-flex-align-items-flex-start\" style=\"max-width:calc( 1200px + 0px );margin-left: calc(-0px \/ 2 );margin-right: calc(-0px \/ 2 );\"><div class=\"fusion-layout-column fusion_builder_column fusion-builder-column-18 fusion_builder_column_1_1 1_1 fusion-flex-column\"><div class=\"fusion-column-wrapper fusion-flex-justify-content-flex-start fusion-content-layout-column\" style=\"background-position:left top;background-repeat:no-repeat;-webkit-background-size:cover;-moz-background-size:cover;-o-background-size:cover;background-size:cover;padding: 0px 0px 0px 0px;\"><div class=\"fusion-sharing-box fusion-sharing-box-1\" style=\"background-color:#f6f6f6;margin-top:60px;\" data-title=\"Dans &lt;i&gt;Le Monde de Peter Pan&lt;\/i&gt;, la danse sera \u00abun langage suppl\u00e9mentaire\u00bb\" data-description=\"Apr\u00e8s Alice et La Cigale sans la Fourmi, la nouvelle cr\u00e9ation musicale tout public de Compote de Prod verra le jour \u00e0 la fin de l&#039;ann\u00e9e 2020. Le Monde de Peter Pan plongera parents et enfants dans le myst\u00e9rieux Pays de nulle part.\r\n\r\nMise en sc\u00e8ne par Julie Lemas, \u00e9galement auteure du\" data-link=\"https:\/\/www.compotedeprod.com\/2020\/05\/31\/dans-le-monde-de-peter-pan-la-danse-sera-un-langage-supplementaire-au-meme-titre-que-le-chant-et-la-comedie\/\"><h4 class=\"tagline\" style=\"color:#333333;\">Partagez cette interview !<\/h4><div class=\"fusion-social-networks sharingbox-shortcode-icon-wrapper sharingbox-shortcode-icon-wrapper-1\"><span><a href=\"https:\/\/www.facebook.com\/sharer.php?u=https%3A%2F%2Fwww.compotedeprod.com%2F2020%2F05%2F31%2Fdans-le-monde-de-peter-pan-la-danse-sera-un-langage-supplementaire-au-meme-titre-que-le-chant-et-la-comedie%2F&amp;t=Dans%20%3Ci%3ELe%20Monde%20de%20Peter%20Pan%3C%2Fi%3E%2C%20la%20danse%20sera%20%C2%ABun%20langage%20suppl%C3%A9mentaire%C2%BB\" target=\"_blank\" title=\"Facebook\" aria-label=\"Facebook\" data-placement=\"top\" data-toggle=\"tooltip\" data-title=\"Facebook\"><i class=\"fusion-social-network-icon fusion-tooltip fusion-facebook fusion-icon-facebook\" style=\"color:#bebdbd;\" aria-hidden=\"true\"><\/i><\/a><\/span><span><a href=\"https:\/\/twitter.com\/share?text=Dans%20%3Ci%3ELe%20Monde%20de%20Peter%20Pan%3C%2Fi%3E%2C%20la%20danse%20sera%20%C2%ABun%20langage%20suppl%C3%A9mentaire%C2%BB&amp;url=https%3A%2F%2Fwww.compotedeprod.com%2F2020%2F05%2F31%2Fdans-le-monde-de-peter-pan-la-danse-sera-un-langage-supplementaire-au-meme-titre-que-le-chant-et-la-comedie%2F\" target=\"_blank\" rel=\"noopener noreferrer\" title=\"Twitter\" aria-label=\"Twitter\" data-placement=\"top\" data-toggle=\"tooltip\" data-title=\"Twitter\"><i class=\"fusion-social-network-icon fusion-tooltip fusion-twitter fusion-icon-twitter\" style=\"color:#bebdbd;\" aria-hidden=\"true\"><\/i><\/a><\/span><span><a href=\"http:\/\/reddit.com\/submit?url=https:\/\/www.compotedeprod.com\/2020\/05\/31\/dans-le-monde-de-peter-pan-la-danse-sera-un-langage-supplementaire-au-meme-titre-que-le-chant-et-la-comedie\/&amp;title=Dans &lt;i&gt;Le Monde de Peter Pan&lt;\/i&gt;, la danse sera \u00abun langage suppl\u00e9mentaire\u00bb\" target=\"_blank\" rel=\"noopener noreferrer\" title=\"Reddit\" aria-label=\"Reddit\" data-placement=\"top\" data-toggle=\"tooltip\" data-title=\"Reddit\"><i class=\"fusion-social-network-icon fusion-tooltip fusion-reddit fusion-icon-reddit\" style=\"color:#bebdbd;\" aria-hidden=\"true\"><\/i><\/a><\/span><span><a href=\"https:\/\/www.linkedin.com\/shareArticle?mini=true&amp;url=https%3A%2F%2Fwww.compotedeprod.com%2F2020%2F05%2F31%2Fdans-le-monde-de-peter-pan-la-danse-sera-un-langage-supplementaire-au-meme-titre-que-le-chant-et-la-comedie%2F&amp;title=Dans%20%3Ci%3ELe%20Monde%20de%20Peter%20Pan%3C%2Fi%3E%2C%20la%20danse%20sera%20%C2%ABun%20langage%20suppl%C3%A9mentaire%C2%BB&amp;summary=Apr%C3%A8s%20Alice%20et%20La%20Cigale%20sans%20la%20Fourmi%2C%20la%20nouvelle%20cr%C3%A9ation%20musicale%20tout%20public%20de%20Compote%20de%20Prod%20verra%20le%20jour%20%C3%A0%20la%20fin%20de%20l%26%2339%3Bann%C3%A9e%202020.%20Le%20Monde%20de%20Peter%20Pan%20plongera%20parents%20et%20enfants%20dans%20le%20myst%C3%A9rieux%20Pays%20de%20nulle%20part.%0D%0A%0D%0AMise%20en%20sc%C3%A8ne%20par%20Julie%20Lemas%2C%20%C3%A9galement%20auteure%20du\" target=\"_blank\" rel=\"noopener noreferrer\" title=\"LinkedIn\" aria-label=\"LinkedIn\" data-placement=\"top\" data-toggle=\"tooltip\" data-title=\"LinkedIn\"><i class=\"fusion-social-network-icon fusion-tooltip fusion-linkedin fusion-icon-linkedin\" style=\"color:#bebdbd;\" aria-hidden=\"true\"><\/i><\/a><\/span><span><a href=\"https:\/\/api.whatsapp.com\/send?text=https%3A%2F%2Fwww.compotedeprod.com%2F2020%2F05%2F31%2Fdans-le-monde-de-peter-pan-la-danse-sera-un-langage-supplementaire-au-meme-titre-que-le-chant-et-la-comedie%2F\" target=\"_blank\" rel=\"noopener noreferrer\" title=\"WhatsApp\" aria-label=\"WhatsApp\" data-placement=\"top\" data-toggle=\"tooltip\" data-title=\"WhatsApp\"><i class=\"fusion-social-network-icon fusion-tooltip fusion-whatsapp fusion-icon-whatsapp\" style=\"color:#bebdbd;\" aria-hidden=\"true\"><\/i><\/a><\/span><span><a href=\"http:\/\/www.tumblr.com\/share\/link?url=https%3A%2F%2Fwww.compotedeprod.com%2F2020%2F05%2F31%2Fdans-le-monde-de-peter-pan-la-danse-sera-un-langage-supplementaire-au-meme-titre-que-le-chant-et-la-comedie%2F&amp;name=Dans%20%3Ci%3ELe%20Monde%20de%20Peter%20Pan%3C%2Fi%3E%2C%20la%20danse%20sera%20%C2%ABun%20langage%20suppl%C3%A9mentaire%C2%BB&amp;description=Apr%C3%A8s%20Alice%20et%20La%20Cigale%20sans%20la%20Fourmi%2C%20la%20nouvelle%20cr%C3%A9ation%20musicale%20tout%20public%20de%20Compote%20de%20Prod%20verra%20le%20jour%20%C3%A0%20la%20fin%20de%20l%26%2339%3Bann%C3%A9e%202020.%20Le%20Monde%20de%20Peter%20Pan%20plongera%20parents%20et%20enfants%20dans%20le%20myst%C3%A9rieux%20Pays%20de%20nulle%20part.%0D%0A%0D%0AMise%20en%20sc%C3%A8ne%20par%20Julie%20Lemas%2C%20%C3%A9galement%20auteure%20du\" target=\"_blank\" rel=\"noopener noreferrer\" title=\"Tumblr\" aria-label=\"Tumblr\" data-placement=\"top\" data-toggle=\"tooltip\" data-title=\"Tumblr\"><i class=\"fusion-social-network-icon fusion-tooltip fusion-tumblr fusion-icon-tumblr\" style=\"color:#bebdbd;\" aria-hidden=\"true\"><\/i><\/a><\/span><span><a href=\"http:\/\/pinterest.com\/pin\/create\/button\/?url=https%3A%2F%2Fwww.compotedeprod.com%2F2020%2F05%2F31%2Fdans-le-monde-de-peter-pan-la-danse-sera-un-langage-supplementaire-au-meme-titre-que-le-chant-et-la-comedie%2F&amp;description=Apr%C3%A8s%20Alice%20et%20La%20Cigale%20sans%20la%20Fourmi%2C%20la%20nouvelle%20cr%C3%A9ation%20musicale%20tout%20public%20de%20Compote%20de%20Prod%20verra%20le%20jour%20%C3%A0%20la%20fin%20de%20l%26%2339%3Bann%C3%A9e%202020.%20Le%20Monde%20de%20Peter%20Pan%20plongera%20parents%20et%20enfants%20dans%20le%20myst%C3%A9rieux%20Pays%20de%20nulle%20part.%0D%0A%0D%0AMise%20en%20sc%C3%A8ne%20par%20Julie%20Lemas%2C%20%C3%A9galement%20auteure%20du&amp;media=\" target=\"_blank\" rel=\"noopener noreferrer\" title=\"Pinterest\" aria-label=\"Pinterest\" data-placement=\"top\" data-toggle=\"tooltip\" data-title=\"Pinterest\"><i class=\"fusion-social-network-icon fusion-tooltip fusion-pinterest fusion-icon-pinterest\" style=\"color:#bebdbd;\" aria-hidden=\"true\"><\/i><\/a><\/span><span><a href=\"http:\/\/vkontakte.ru\/share.php?url=https%3A%2F%2Fwww.compotedeprod.com%2F2020%2F05%2F31%2Fdans-le-monde-de-peter-pan-la-danse-sera-un-langage-supplementaire-au-meme-titre-que-le-chant-et-la-comedie%2F&amp;title=Dans%20%3Ci%3ELe%20Monde%20de%20Peter%20Pan%3C%2Fi%3E%2C%20la%20danse%20sera%20%C2%ABun%20langage%20suppl%C3%A9mentaire%C2%BB&amp;description=Apr%C3%A8s%20Alice%20et%20La%20Cigale%20sans%20la%20Fourmi%2C%20la%20nouvelle%20cr%C3%A9ation%20musicale%20tout%20public%20de%20Compote%20de%20Prod%20verra%20le%20jour%20%C3%A0%20la%20fin%20de%20l%26%2339%3Bann%C3%A9e%202020.%20Le%20Monde%20de%20Peter%20Pan%20plongera%20parents%20et%20enfants%20dans%20le%20myst%C3%A9rieux%20Pays%20de%20nulle%20part.%0D%0A%0D%0AMise%20en%20sc%C3%A8ne%20par%20Julie%20Lemas%2C%20%C3%A9galement%20auteure%20du\" target=\"_blank\" rel=\"noopener noreferrer\" title=\"Vk\" aria-label=\"Vk\" data-placement=\"top\" data-toggle=\"tooltip\" data-title=\"Vk\"><i class=\"fusion-social-network-icon fusion-tooltip fusion-vk fusion-icon-vk\" style=\"color:#bebdbd;\" aria-hidden=\"true\"><\/i><\/a><\/span><span><a href=\"https:\/\/www.xing.com\/social_plugins\/share\/new?sc_p=xing-share&amp;h=1&amp;url=https%3A%2F%2Fwww.compotedeprod.com%2F2020%2F05%2F31%2Fdans-le-monde-de-peter-pan-la-danse-sera-un-langage-supplementaire-au-meme-titre-que-le-chant-et-la-comedie%2F\" target=\"_blank\" rel=\"noopener noreferrer\" title=\"Xing\" aria-label=\"Xing\" data-placement=\"top\" data-toggle=\"tooltip\" data-title=\"Xing\"><i class=\"fusion-social-network-icon fusion-tooltip fusion-xing fusion-icon-xing\" style=\"color:#bebdbd;\" aria-hidden=\"true\"><\/i><\/a><\/span><span><a href=\"mailto:?subject=Dans%20%3Ci%3ELe%20Monde%20de%20Peter%20Pan%3C%2Fi%3E%2C%20la%20danse%20sera%20%C2%ABun%20langage%20suppl%C3%A9mentaire%C2%BB&amp;body=https%3A%2F%2Fwww.compotedeprod.com%2F2020%2F05%2F31%2Fdans-le-monde-de-peter-pan-la-danse-sera-un-langage-supplementaire-au-meme-titre-que-le-chant-et-la-comedie%2F\" target=\"_self\" title=\"Email\" aria-label=\"Email\" data-placement=\"top\" data-toggle=\"tooltip\" data-title=\"Email\"><i class=\"fusion-social-network-icon fusion-tooltip fusion-mail fusion-icon-mail\" style=\"color:#bebdbd;\" aria-hidden=\"true\"><\/i><\/a><\/span><\/div><\/div><style type=\"text\/css\">.fusion-sharing-box-1 h4{margin-bottom:0 !important;}.fusion-sharing-box-1{flex-direction:row !important;}@media only screen and (max-width:1024px){.fusion-sharing-box-1 h4{margin-right:0.5em !important;margin-bottom:0 !important;}.sharingbox-shortcode-icon-wrapper-1{width:auto !important;justify-content:flex-end !important;}.fusion-sharing-box-1{align-items:center !important;} }@media only screen and (max-width:640px){.fusion-sharing-box-1{flex-direction:row !important;align-items:center !important;}.fusion-sharing-box-1 h4{margin-right:0.5em !important;margin-bottom:0 !important;}.sharingbox-shortcode-icon-wrapper-1{width:auto !important;justify-content:space-between !important;} }<\/style><\/div><style type=\"text\/css\">.fusion-body .fusion-builder-column-18{width:100% !important;margin-top : 0px;margin-bottom : 20px;}.fusion-builder-column-18 > .fusion-column-wrapper {padding-top : 0px !important;padding-right : 0px !important;margin-right : 0px;padding-bottom : 0px !important;padding-left : 0px !important;margin-left : 0px;}@media only screen and (max-width:1024px) {.fusion-body .fusion-builder-column-18{width:100% !important;}.fusion-builder-column-18 > .fusion-column-wrapper {margin-right : 0px;margin-left : 0px;}}@media only screen and (max-width:640px) {.fusion-body .fusion-builder-column-18{width:100% !important;}.fusion-builder-column-18 > .fusion-column-wrapper {margin-right : 0px;margin-left : 0px;}}<\/style><\/div><\/div><style type=\"text\/css\">.fusion-body .fusion-flex-container.fusion-builder-row-19{ padding-top : 0px;margin-top : 0px;padding-right : 0px;padding-bottom : 0px;margin-bottom : 0px;padding-left : 0px;}<\/style><\/div><\/p>\n","protected":false},"excerpt":{"rendered":"","protected":false},"author":2,"featured_media":0,"comment_status":"open","ping_status":"closed","sticky":false,"template":"","format":"standard","meta":{"_acf_changed":false,"om_disable_all_campaigns":false,"_monsterinsights_skip_tracking":false,"_monsterinsights_sitenote_active":false,"_monsterinsights_sitenote_note":"","_monsterinsights_sitenote_category":0,"_uf_show_specific_survey":0,"_uf_disable_surveys":false,"footnotes":""},"categories":[160,1,60],"tags":[],"class_list":["post-13516","post","type-post","status-publish","format-standard","hentry","category-equipe","category-general","category-le-monde-de-peter-pan"],"acf":[],"yoast_head":"<!-- This site is optimized with the Yoast SEO plugin v27.5 - https:\/\/yoast.com\/product\/yoast-seo-wordpress\/ -->\n<title>Dans Le Monde de Peter Pan, la danse sera \u00abun langage suppl\u00e9mentaire\u00bb<\/title>\n<meta name=\"description\" content=\"Le Monde de Peter Pan sera mis en mouvement par la danseuse et chor\u00e9graphe Morgane L\u2019Hostis. Quelle place aura la danse dans la pi\u00e8ce ? L&#039;artiste r\u00e9pond.\" \/>\n<meta name=\"robots\" content=\"index, follow, max-snippet:-1, max-image-preview:large, max-video-preview:-1\" \/>\n<link rel=\"canonical\" href=\"https:\/\/www.compotedeprod.com\/?p=13516\" \/>\n<meta property=\"og:locale\" content=\"fr_FR\" \/>\n<meta property=\"og:type\" content=\"article\" \/>\n<meta property=\"og:title\" content=\"Dans Le Monde de Peter Pan, la danse sera \u00abun langage suppl\u00e9mentaire\u00bb\" \/>\n<meta property=\"og:description\" content=\"Le Monde de Peter Pan sera mis en mouvement par la danseuse et chor\u00e9graphe Morgane L\u2019Hostis. Quelle place aura la danse dans la pi\u00e8ce ? L&#039;artiste r\u00e9pond.\" \/>\n<meta property=\"og:url\" content=\"https:\/\/www.compotedeprod.com\/?p=13516\" \/>\n<meta property=\"og:site_name\" content=\"Compote de Prod\" \/>\n<meta property=\"article:publisher\" content=\"https:\/\/www.facebook.com\/Compote2Prod\/\" \/>\n<meta property=\"article:published_time\" content=\"2020-05-31T06:48:45+00:00\" \/>\n<meta property=\"article:modified_time\" content=\"2022-12-20T16:15:30+00:00\" \/>\n<meta property=\"og:image\" content=\"https:\/\/www.compotedeprod.com\/wp-content\/uploads\/2020\/05\/dans-le-monde-de-peter-pan-la-danse-sera-lorsquon-aborde-un-role-on-commence-souvent-par-imaginer-son-corps-et-ses-mouvements-2-1024x683.png\" \/>\n\t<meta property=\"og:image:width\" content=\"1024\" \/>\n\t<meta property=\"og:image:height\" content=\"683\" \/>\n\t<meta property=\"og:image:type\" content=\"image\/png\" \/>\n<meta name=\"author\" content=\"admin\" \/>\n<meta name=\"twitter:card\" content=\"summary_large_image\" \/>\n<meta name=\"twitter:creator\" content=\"@CompoteDeProd\" \/>\n<meta name=\"twitter:site\" content=\"@CompoteDeProd\" \/>\n<meta name=\"twitter:label1\" content=\"\u00c9crit par\" \/>\n\t<meta name=\"twitter:data1\" content=\"admin\" \/>\n\t<meta name=\"twitter:label2\" content=\"Dur\u00e9e de lecture estim\u00e9e\" \/>\n\t<meta name=\"twitter:data2\" content=\"40 minutes\" \/>\n<script type=\"application\/ld+json\" class=\"yoast-schema-graph\">{\"@context\":\"https:\\\/\\\/schema.org\",\"@graph\":[{\"@type\":\"Article\",\"@id\":\"https:\\\/\\\/www.compotedeprod.com\\\/?p=13516#article\",\"isPartOf\":{\"@id\":\"https:\\\/\\\/www.compotedeprod.com\\\/?p=13516\"},\"author\":{\"name\":\"admin\",\"@id\":\"https:\\\/\\\/www.compotedeprod.com\\\/#\\\/schema\\\/person\\\/3be9b99cc7ba103cc329c4cf7e6c909f\"},\"headline\":\"Dans Le Monde de Peter Pan, la danse sera \u00abun langage suppl\u00e9mentaire\u00bb\",\"datePublished\":\"2020-05-31T06:48:45+00:00\",\"dateModified\":\"2022-12-20T16:15:30+00:00\",\"mainEntityOfPage\":{\"@id\":\"https:\\\/\\\/www.compotedeprod.com\\\/?p=13516\"},\"wordCount\":8038,\"commentCount\":0,\"publisher\":{\"@id\":\"https:\\\/\\\/www.compotedeprod.com\\\/#organization\"},\"articleSection\":[\"Equipe\",\"G\u00e9n\u00e9ral\",\"Le Monde de Peter Pan\"],\"inLanguage\":\"fr-FR\",\"potentialAction\":[{\"@type\":\"CommentAction\",\"name\":\"Comment\",\"target\":[\"https:\\\/\\\/www.compotedeprod.com\\\/?p=13516#respond\"]}]},{\"@type\":\"WebPage\",\"@id\":\"https:\\\/\\\/www.compotedeprod.com\\\/?p=13516\",\"url\":\"https:\\\/\\\/www.compotedeprod.com\\\/?p=13516\",\"name\":\"Dans Le Monde de Peter Pan, la danse sera \u00abun langage suppl\u00e9mentaire\u00bb\",\"isPartOf\":{\"@id\":\"https:\\\/\\\/www.compotedeprod.com\\\/#website\"},\"datePublished\":\"2020-05-31T06:48:45+00:00\",\"dateModified\":\"2022-12-20T16:15:30+00:00\",\"description\":\"Le Monde de Peter Pan sera mis en mouvement par la danseuse et chor\u00e9graphe Morgane L\u2019Hostis. Quelle place aura la danse dans la pi\u00e8ce ? L'artiste r\u00e9pond.\",\"breadcrumb\":{\"@id\":\"https:\\\/\\\/www.compotedeprod.com\\\/?p=13516#breadcrumb\"},\"inLanguage\":\"fr-FR\",\"potentialAction\":[{\"@type\":\"ReadAction\",\"target\":[\"https:\\\/\\\/www.compotedeprod.com\\\/?p=13516\"]}]},{\"@type\":\"BreadcrumbList\",\"@id\":\"https:\\\/\\\/www.compotedeprod.com\\\/?p=13516#breadcrumb\",\"itemListElement\":[{\"@type\":\"ListItem\",\"position\":1,\"name\":\"Accueil\",\"item\":\"https:\\\/\\\/www.compotedeprod.com\\\/\"},{\"@type\":\"ListItem\",\"position\":2,\"name\":\"Dans Le Monde de Peter Pan, la danse sera \u00abun langage suppl\u00e9mentaire\u00bb\"}]},{\"@type\":\"WebSite\",\"@id\":\"https:\\\/\\\/www.compotedeprod.com\\\/#website\",\"url\":\"https:\\\/\\\/www.compotedeprod.com\\\/\",\"name\":\"Compote de Prod\",\"description\":\"\",\"publisher\":{\"@id\":\"https:\\\/\\\/www.compotedeprod.com\\\/#organization\"},\"potentialAction\":[{\"@type\":\"SearchAction\",\"target\":{\"@type\":\"EntryPoint\",\"urlTemplate\":\"https:\\\/\\\/www.compotedeprod.com\\\/?s={search_term_string}\"},\"query-input\":{\"@type\":\"PropertyValueSpecification\",\"valueRequired\":true,\"valueName\":\"search_term_string\"}}],\"inLanguage\":\"fr-FR\"},{\"@type\":\"Organization\",\"@id\":\"https:\\\/\\\/www.compotedeprod.com\\\/#organization\",\"name\":\"Compote de Prod\",\"url\":\"https:\\\/\\\/www.compotedeprod.com\\\/\",\"logo\":{\"@type\":\"ImageObject\",\"inLanguage\":\"fr-FR\",\"@id\":\"https:\\\/\\\/www.compotedeprod.com\\\/#\\\/schema\\\/logo\\\/image\\\/\",\"url\":\"https:\\\/\\\/www.compotedeprod.com\\\/wp-content\\\/uploads\\\/2019\\\/05\\\/logo_CDP_noir.png\",\"contentUrl\":\"https:\\\/\\\/www.compotedeprod.com\\\/wp-content\\\/uploads\\\/2019\\\/05\\\/logo_CDP_noir.png\",\"width\":950,\"height\":508,\"caption\":\"Compote de Prod\"},\"image\":{\"@id\":\"https:\\\/\\\/www.compotedeprod.com\\\/#\\\/schema\\\/logo\\\/image\\\/\"},\"sameAs\":[\"https:\\\/\\\/www.facebook.com\\\/Compote2Prod\\\/\",\"https:\\\/\\\/x.com\\\/CompoteDeProd\",\"https:\\\/\\\/www.instagram.com\\\/compotedeprod\",\"https:\\\/\\\/www.linkedin.com\\\/company\\\/compote-de-prod\\\/\",\"https:\\\/\\\/www.youtube.com\\\/channel\\\/UCMjN2mNvFje6pDUwvsp4K7Q\"]},{\"@type\":\"Person\",\"@id\":\"https:\\\/\\\/www.compotedeprod.com\\\/#\\\/schema\\\/person\\\/3be9b99cc7ba103cc329c4cf7e6c909f\",\"name\":\"admin\",\"image\":{\"@type\":\"ImageObject\",\"inLanguage\":\"fr-FR\",\"@id\":\"https:\\\/\\\/secure.gravatar.com\\\/avatar\\\/fb1a4757f83b74e5a87c1554c8689bab12d09674f9e15db366c3636ab452004c?s=96&d=mm&r=g\",\"url\":\"https:\\\/\\\/secure.gravatar.com\\\/avatar\\\/fb1a4757f83b74e5a87c1554c8689bab12d09674f9e15db366c3636ab452004c?s=96&d=mm&r=g\",\"contentUrl\":\"https:\\\/\\\/secure.gravatar.com\\\/avatar\\\/fb1a4757f83b74e5a87c1554c8689bab12d09674f9e15db366c3636ab452004c?s=96&d=mm&r=g\",\"caption\":\"admin\"}}]}<\/script>\n<!-- \/ Yoast SEO plugin. -->","yoast_head_json":{"title":"Dans Le Monde de Peter Pan, la danse sera \u00abun langage suppl\u00e9mentaire\u00bb","description":"Le Monde de Peter Pan sera mis en mouvement par la danseuse et chor\u00e9graphe Morgane L\u2019Hostis. Quelle place aura la danse dans la pi\u00e8ce ? L'artiste r\u00e9pond.","robots":{"index":"index","follow":"follow","max-snippet":"max-snippet:-1","max-image-preview":"max-image-preview:large","max-video-preview":"max-video-preview:-1"},"canonical":"https:\/\/www.compotedeprod.com\/?p=13516","og_locale":"fr_FR","og_type":"article","og_title":"Dans Le Monde de Peter Pan, la danse sera \u00abun langage suppl\u00e9mentaire\u00bb","og_description":"Le Monde de Peter Pan sera mis en mouvement par la danseuse et chor\u00e9graphe Morgane L\u2019Hostis. Quelle place aura la danse dans la pi\u00e8ce ? L'artiste r\u00e9pond.","og_url":"https:\/\/www.compotedeprod.com\/?p=13516","og_site_name":"Compote de Prod","article_publisher":"https:\/\/www.facebook.com\/Compote2Prod\/","article_published_time":"2020-05-31T06:48:45+00:00","article_modified_time":"2022-12-20T16:15:30+00:00","og_image":[{"width":1024,"height":683,"url":"https:\/\/www.compotedeprod.com\/wp-content\/uploads\/2020\/05\/dans-le-monde-de-peter-pan-la-danse-sera-lorsquon-aborde-un-role-on-commence-souvent-par-imaginer-son-corps-et-ses-mouvements-2-1024x683.png","type":"image\/png"}],"author":"admin","twitter_card":"summary_large_image","twitter_creator":"@CompoteDeProd","twitter_site":"@CompoteDeProd","twitter_misc":{"\u00c9crit par":"admin","Dur\u00e9e de lecture estim\u00e9e":"40 minutes"},"schema":{"@context":"https:\/\/schema.org","@graph":[{"@type":"Article","@id":"https:\/\/www.compotedeprod.com\/?p=13516#article","isPartOf":{"@id":"https:\/\/www.compotedeprod.com\/?p=13516"},"author":{"name":"admin","@id":"https:\/\/www.compotedeprod.com\/#\/schema\/person\/3be9b99cc7ba103cc329c4cf7e6c909f"},"headline":"Dans Le Monde de Peter Pan, la danse sera \u00abun langage suppl\u00e9mentaire\u00bb","datePublished":"2020-05-31T06:48:45+00:00","dateModified":"2022-12-20T16:15:30+00:00","mainEntityOfPage":{"@id":"https:\/\/www.compotedeprod.com\/?p=13516"},"wordCount":8038,"commentCount":0,"publisher":{"@id":"https:\/\/www.compotedeprod.com\/#organization"},"articleSection":["Equipe","G\u00e9n\u00e9ral","Le Monde de Peter Pan"],"inLanguage":"fr-FR","potentialAction":[{"@type":"CommentAction","name":"Comment","target":["https:\/\/www.compotedeprod.com\/?p=13516#respond"]}]},{"@type":"WebPage","@id":"https:\/\/www.compotedeprod.com\/?p=13516","url":"https:\/\/www.compotedeprod.com\/?p=13516","name":"Dans Le Monde de Peter Pan, la danse sera \u00abun langage suppl\u00e9mentaire\u00bb","isPartOf":{"@id":"https:\/\/www.compotedeprod.com\/#website"},"datePublished":"2020-05-31T06:48:45+00:00","dateModified":"2022-12-20T16:15:30+00:00","description":"Le Monde de Peter Pan sera mis en mouvement par la danseuse et chor\u00e9graphe Morgane L\u2019Hostis. Quelle place aura la danse dans la pi\u00e8ce ? L'artiste r\u00e9pond.","breadcrumb":{"@id":"https:\/\/www.compotedeprod.com\/?p=13516#breadcrumb"},"inLanguage":"fr-FR","potentialAction":[{"@type":"ReadAction","target":["https:\/\/www.compotedeprod.com\/?p=13516"]}]},{"@type":"BreadcrumbList","@id":"https:\/\/www.compotedeprod.com\/?p=13516#breadcrumb","itemListElement":[{"@type":"ListItem","position":1,"name":"Accueil","item":"https:\/\/www.compotedeprod.com\/"},{"@type":"ListItem","position":2,"name":"Dans Le Monde de Peter Pan, la danse sera \u00abun langage suppl\u00e9mentaire\u00bb"}]},{"@type":"WebSite","@id":"https:\/\/www.compotedeprod.com\/#website","url":"https:\/\/www.compotedeprod.com\/","name":"Compote de Prod","description":"","publisher":{"@id":"https:\/\/www.compotedeprod.com\/#organization"},"potentialAction":[{"@type":"SearchAction","target":{"@type":"EntryPoint","urlTemplate":"https:\/\/www.compotedeprod.com\/?s={search_term_string}"},"query-input":{"@type":"PropertyValueSpecification","valueRequired":true,"valueName":"search_term_string"}}],"inLanguage":"fr-FR"},{"@type":"Organization","@id":"https:\/\/www.compotedeprod.com\/#organization","name":"Compote de Prod","url":"https:\/\/www.compotedeprod.com\/","logo":{"@type":"ImageObject","inLanguage":"fr-FR","@id":"https:\/\/www.compotedeprod.com\/#\/schema\/logo\/image\/","url":"https:\/\/www.compotedeprod.com\/wp-content\/uploads\/2019\/05\/logo_CDP_noir.png","contentUrl":"https:\/\/www.compotedeprod.com\/wp-content\/uploads\/2019\/05\/logo_CDP_noir.png","width":950,"height":508,"caption":"Compote de Prod"},"image":{"@id":"https:\/\/www.compotedeprod.com\/#\/schema\/logo\/image\/"},"sameAs":["https:\/\/www.facebook.com\/Compote2Prod\/","https:\/\/x.com\/CompoteDeProd","https:\/\/www.instagram.com\/compotedeprod","https:\/\/www.linkedin.com\/company\/compote-de-prod\/","https:\/\/www.youtube.com\/channel\/UCMjN2mNvFje6pDUwvsp4K7Q"]},{"@type":"Person","@id":"https:\/\/www.compotedeprod.com\/#\/schema\/person\/3be9b99cc7ba103cc329c4cf7e6c909f","name":"admin","image":{"@type":"ImageObject","inLanguage":"fr-FR","@id":"https:\/\/secure.gravatar.com\/avatar\/fb1a4757f83b74e5a87c1554c8689bab12d09674f9e15db366c3636ab452004c?s=96&d=mm&r=g","url":"https:\/\/secure.gravatar.com\/avatar\/fb1a4757f83b74e5a87c1554c8689bab12d09674f9e15db366c3636ab452004c?s=96&d=mm&r=g","contentUrl":"https:\/\/secure.gravatar.com\/avatar\/fb1a4757f83b74e5a87c1554c8689bab12d09674f9e15db366c3636ab452004c?s=96&d=mm&r=g","caption":"admin"}}]}},"_links":{"self":[{"href":"https:\/\/www.compotedeprod.com\/index.php?rest_route=\/wp\/v2\/posts\/13516","targetHints":{"allow":["GET"]}}],"collection":[{"href":"https:\/\/www.compotedeprod.com\/index.php?rest_route=\/wp\/v2\/posts"}],"about":[{"href":"https:\/\/www.compotedeprod.com\/index.php?rest_route=\/wp\/v2\/types\/post"}],"author":[{"embeddable":true,"href":"https:\/\/www.compotedeprod.com\/index.php?rest_route=\/wp\/v2\/users\/2"}],"replies":[{"embeddable":true,"href":"https:\/\/www.compotedeprod.com\/index.php?rest_route=%2Fwp%2Fv2%2Fcomments&post=13516"}],"version-history":[{"count":10,"href":"https:\/\/www.compotedeprod.com\/index.php?rest_route=\/wp\/v2\/posts\/13516\/revisions"}],"predecessor-version":[{"id":13698,"href":"https:\/\/www.compotedeprod.com\/index.php?rest_route=\/wp\/v2\/posts\/13516\/revisions\/13698"}],"wp:attachment":[{"href":"https:\/\/www.compotedeprod.com\/index.php?rest_route=%2Fwp%2Fv2%2Fmedia&parent=13516"}],"wp:term":[{"taxonomy":"category","embeddable":true,"href":"https:\/\/www.compotedeprod.com\/index.php?rest_route=%2Fwp%2Fv2%2Fcategories&post=13516"},{"taxonomy":"post_tag","embeddable":true,"href":"https:\/\/www.compotedeprod.com\/index.php?rest_route=%2Fwp%2Fv2%2Ftags&post=13516"}],"curies":[{"name":"wp","href":"https:\/\/api.w.org\/{rel}","templated":true}]}}