{"id":13374,"date":"2020-03-21T14:36:26","date_gmt":"2020-03-21T14:36:26","guid":{"rendered":"https:\/\/www.compotedeprod.com\/?p=13374"},"modified":"2020-10-03T08:44:02","modified_gmt":"2020-10-03T08:44:02","slug":"coronavirus-aides-financieres-professionnels-spectacle-vivant","status":"publish","type":"post","link":"https:\/\/www.compotedeprod.com\/?p=13374","title":{"rendered":"Coronavirus : quelles aides financi\u00e8res pour les professionnels du spectacle vivant ?"},"content":{"rendered":"<p><div class=\"fusion-fullwidth fullwidth-box fusion-builder-row-1 fusion-flex-container nonhundred-percent-fullwidth non-hundred-percent-height-scrolling\" style=\"background-color: rgba(255,255,255,0);background-position: center center;background-repeat: no-repeat;border-width: 0px 0px 0px 0px;border-color:#e2e2e2;border-style:solid;\" ><div class=\"fusion-builder-row fusion-row fusion-flex-align-items-flex-start\" style=\"max-width:calc( 1200px + 0px );margin-left: calc(-0px \/ 2 );margin-right: calc(-0px \/ 2 );\"><div class=\"fusion-layout-column fusion_builder_column fusion-builder-column-0 fusion_builder_column_1_1 1_1 fusion-flex-column\"><div class=\"fusion-column-wrapper fusion-flex-justify-content-flex-start fusion-content-layout-column\" style=\"background-position:left top;background-repeat:no-repeat;-webkit-background-size:cover;-moz-background-size:cover;-o-background-size:cover;background-size:cover;padding: 0px 0px 0px 0px;\"><div class=\"fusion-text fusion-text-1\"><p>Pr\u00e8s de 600 millions d&rsquo;euros. Le syndicat du spectacle musical <a href=\"http:\/\/www.prodiss.org\/fr\" target=\"_blank\" rel=\"noopener noreferrer\">Prodiss<\/a> a chiffr\u00e9 le montant des pertes li\u00e9es aux annulations des spectacles entre mars et mai \u00e0 <a href=\"https:\/\/www.lesechos.fr\/industrie-services\/services-conseils\/coronavirus-une-facture-de-600-millions-deuros-pour-le-spectacle-vivant-1187397\" target=\"_blank\" rel=\"noopener noreferrer\">590 millions d&rsquo;euros<\/a>. Recettes de billetterie, contrats de cession de spectacles, locations de salles, recettes de bar, restauration, sponsoring, le cabinet EY qui a men\u00e9 l&rsquo;\u00e9tude estime que 37.900 personnes sont priv\u00e9es d&#8217;emploi. Avec quelles alternatives de soutien financier ? Plusieurs solutions ont \u00e9t\u00e9 mises en places depuis l&rsquo;annonce du <a href=\"https:\/\/www.lemonde.fr\/sante\/video\/2020\/03\/21\/confinement-comment-la-distanciation-sociale-peut-eviter-des-morts_6033968_1651302.html\" target=\"_blank\" rel=\"noopener noreferrer\">confinement<\/a> total le 16 mars.<\/p>\n<\/div><\/div><style type=\"text\/css\">.fusion-body .fusion-builder-column-0{width:100% !important;margin-top : 0px;margin-bottom : 20px;}.fusion-builder-column-0 > .fusion-column-wrapper {padding-top : 0px !important;padding-right : 0px !important;margin-right : 0px;padding-bottom : 0px !important;padding-left : 0px !important;margin-left : 0px;}@media only screen and (max-width:1024px) {.fusion-body .fusion-builder-column-0{width:100% !important;}.fusion-builder-column-0 > .fusion-column-wrapper {margin-right : 0px;margin-left : 0px;}}@media only screen and (max-width:640px) {.fusion-body .fusion-builder-column-0{width:100% !important;}.fusion-builder-column-0 > .fusion-column-wrapper {margin-right : 0px;margin-left : 0px;}}<\/style><\/div><\/div><style type=\"text\/css\">.fusion-body .fusion-flex-container.fusion-builder-row-1{ padding-top : 0px;margin-top : 0px;padding-right : 0px;padding-bottom : 0px;margin-bottom : 0px;padding-left : 0px;}<\/style><\/div><div class=\"fusion-fullwidth fullwidth-box fusion-builder-row-2 fusion-flex-container nonhundred-percent-fullwidth non-hundred-percent-height-scrolling\" style=\"background-color: rgba(255,255,255,0);background-position: center center;background-repeat: no-repeat;border-width: 0px 0px 0px 0px;border-color:#e2e2e2;border-style:solid;\" ><div class=\"fusion-builder-row fusion-row fusion-flex-align-items-flex-start\" style=\"max-width:calc( 1200px + 0px );margin-left: calc(-0px \/ 2 );margin-right: calc(-0px \/ 2 );\"><div class=\"fusion-layout-column fusion_builder_column fusion-builder-column-1 fusion_builder_column_1_1 1_1 fusion-flex-column\"><div class=\"fusion-column-wrapper fusion-flex-justify-content-flex-start fusion-content-layout-column\" style=\"background-position:left top;background-repeat:no-repeat;-webkit-background-size:cover;-moz-background-size:cover;-o-background-size:cover;background-size:cover;padding: 0px 0px 0px 0px;\"><div class=\"fusion-text fusion-text-2\"><blockquote>\n<p><a href=\"https:\/\/www.compotedeprod.com\/2020\/03\/12\/coronavirus-quels-recours-pour-les-intermittents-du-spectacle\/\" target=\"_blank\" rel=\"noopener noreferrer\">Coronavirus : Le point sur la situation des intermittents du spectacle<\/a><\/p>\n<\/blockquote>\n<\/div><\/div><style type=\"text\/css\">.fusion-body .fusion-builder-column-1{width:100% !important;margin-top : 0px;margin-bottom : 20px;}.fusion-builder-column-1 > .fusion-column-wrapper {padding-top : 0px !important;padding-right : 0px !important;margin-right : 0px;padding-bottom : 0px !important;padding-left : 0px !important;margin-left : 0px;}@media only screen and (max-width:1024px) {.fusion-body .fusion-builder-column-1{width:100% !important;}.fusion-builder-column-1 > .fusion-column-wrapper {margin-right : 0px;margin-left : 0px;}}@media only screen and (max-width:640px) {.fusion-body .fusion-builder-column-1{width:100% !important;}.fusion-builder-column-1 > .fusion-column-wrapper {margin-right : 0px;margin-left : 0px;}}<\/style><\/div><\/div><style type=\"text\/css\">.fusion-body .fusion-flex-container.fusion-builder-row-2{ padding-top : 0px;margin-top : 0px;padding-right : 0px;padding-bottom : 0px;margin-bottom : 0px;padding-left : 0px;}<\/style><\/div><div class=\"fusion-fullwidth fullwidth-box fusion-builder-row-3 fusion-flex-container nonhundred-percent-fullwidth non-hundred-percent-height-scrolling\" style=\"background-color: rgba(255,255,255,0);background-position: center center;background-repeat: no-repeat;border-width: 0px 0px 0px 0px;border-color:#e2e2e2;border-style:solid;\" ><div class=\"fusion-builder-row fusion-row fusion-flex-align-items-flex-start\" style=\"max-width:calc( 1200px + 0px );margin-left: calc(-0px \/ 2 );margin-right: calc(-0px \/ 2 );\"><div class=\"fusion-layout-column fusion_builder_column fusion-builder-column-2 fusion_builder_column_1_1 1_1 fusion-flex-column\"><div class=\"fusion-column-wrapper fusion-flex-justify-content-flex-start fusion-content-layout-column\" style=\"background-position:left top;background-repeat:no-repeat;-webkit-background-size:cover;-moz-background-size:cover;-o-background-size:cover;background-size:cover;padding: 0px 0px 0px 0px;\"><div class=\"fusion-text fusion-text-3\"><h2>1 &#8211; P\u00f4le emploi repousse les \u00e9ch\u00e9ances pour les intermittents<\/h2>\n<\/div><\/div><style type=\"text\/css\">.fusion-body .fusion-builder-column-2{width:100% !important;margin-top : 0px;margin-bottom : 20px;}.fusion-builder-column-2 > .fusion-column-wrapper {padding-top : 0px !important;padding-right : 0px !important;margin-right : 0px;padding-bottom : 0px !important;padding-left : 0px !important;margin-left : 0px;}@media only screen and (max-width:1024px) {.fusion-body .fusion-builder-column-2{width:100% !important;}.fusion-builder-column-2 > .fusion-column-wrapper {margin-right : 0px;margin-left : 0px;}}@media only screen and (max-width:640px) {.fusion-body .fusion-builder-column-2{width:100% !important;}.fusion-builder-column-2 > .fusion-column-wrapper {margin-right : 0px;margin-left : 0px;}}<\/style><\/div><\/div><style type=\"text\/css\">.fusion-body .fusion-flex-container.fusion-builder-row-3{ padding-top : 0px;margin-top : 0px;padding-right : 0px;padding-bottom : 0px;margin-bottom : 0px;padding-left : 0px;}<\/style><\/div><div class=\"fusion-fullwidth fullwidth-box fusion-builder-row-4 fusion-flex-container nonhundred-percent-fullwidth non-hundred-percent-height-scrolling\" style=\"background-color: rgba(255,255,255,0);background-position: center center;background-repeat: no-repeat;border-width: 0px 0px 0px 0px;border-color:#e2e2e2;border-style:solid;\" ><div class=\"fusion-builder-row fusion-row fusion-flex-align-items-flex-start\" style=\"max-width:calc( 1200px + 0px );margin-left: calc(-0px \/ 2 );margin-right: calc(-0px \/ 2 );\"><div class=\"fusion-layout-column fusion_builder_column fusion-builder-column-3 fusion_builder_column_1_1 1_1 fusion-flex-column\"><div class=\"fusion-column-wrapper fusion-flex-justify-content-flex-start fusion-content-layout-column\" style=\"background-position:left top;background-repeat:no-repeat;-webkit-background-size:cover;-moz-background-size:cover;-o-background-size:cover;background-size:cover;padding: 0px 0px 0px 0px;\"><div class=\"fusion-text fusion-text-4\"><p>C&rsquo;\u00e9tait une des principales angoisses des <a href=\"https:\/\/www.compotedeprod.com\/2020\/03\/12\/coronavirus-quels-recours-pour-les-intermittents-du-spectacle\/\" target=\"_blank\" rel=\"noopener noreferrer\">intermittents<\/a> du spectacle. Ces derniers doivent justifier de 507 heures de travail en un an pour b\u00e9n\u00e9ficier des indemnit\u00e9s ch\u00f4mage. Dans un <a href=\"https:\/\/www.culture.gouv.fr\/Presse\/Communiques-de-presse\/Mesures-exceptionnelles-de-soutien-aux-intermittents-et-salaries-du-secteur-culturel-dans-le-cadre-de-la-crise-sanitaire\" target=\"_blank\" rel=\"noopener noreferrer\">communiqu\u00e9<\/a> datant du 19 mars, Muriel P\u00e9nicaud, ministre du Travail et Franck Riester, ministre de la Culture, ont annonc\u00e9 la \u00ab<i>neutralisation\u00bb<\/i> de la p\u00e9riode de confinement dans le calendrier de P\u00f4le emploi.<\/p>\n<p>Cette p\u00e9riode ne sera donc pas prise en compte dans le calcul de la p\u00e9riode de r\u00e9f\u00e9rence des 507 heures. P\u00f4le emploi maintiendra aussi pendant la dur\u00e9e du confinement le versement des indemnit\u00e9s aux intermittents en fin de droit.<\/p>\n<\/div><\/div><style type=\"text\/css\">.fusion-body .fusion-builder-column-3{width:100% !important;margin-top : 0px;margin-bottom : 20px;}.fusion-builder-column-3 > .fusion-column-wrapper {padding-top : 0px !important;padding-right : 0px !important;margin-right : 0px;padding-bottom : 0px !important;padding-left : 0px !important;margin-left : 0px;}@media only screen and (max-width:1024px) {.fusion-body .fusion-builder-column-3{width:100% !important;}.fusion-builder-column-3 > .fusion-column-wrapper {margin-right : 0px;margin-left : 0px;}}@media only screen and (max-width:640px) {.fusion-body .fusion-builder-column-3{width:100% !important;}.fusion-builder-column-3 > .fusion-column-wrapper {margin-right : 0px;margin-left : 0px;}}<\/style><\/div><\/div><style type=\"text\/css\">.fusion-body .fusion-flex-container.fusion-builder-row-4{ padding-top : 0px;margin-top : 0px;padding-right : 0px;padding-bottom : 0px;margin-bottom : 0px;padding-left : 0px;}<\/style><\/div><div class=\"fusion-fullwidth fullwidth-box fusion-builder-row-5 fusion-flex-container nonhundred-percent-fullwidth non-hundred-percent-height-scrolling\" style=\"background-color: rgba(255,255,255,0);background-position: center center;background-repeat: no-repeat;border-width: 0px 0px 0px 0px;border-color:#e2e2e2;border-style:solid;\" ><div class=\"fusion-builder-row fusion-row fusion-flex-align-items-flex-start\" style=\"max-width:calc( 1200px + 0px );margin-left: calc(-0px \/ 2 );margin-right: calc(-0px \/ 2 );\"><div class=\"fusion-layout-column fusion_builder_column fusion-builder-column-4 fusion_builder_column_1_1 1_1 fusion-flex-column\"><div class=\"fusion-column-wrapper fusion-flex-justify-content-flex-start fusion-content-layout-column\" style=\"background-position:left top;background-repeat:no-repeat;-webkit-background-size:cover;-moz-background-size:cover;-o-background-size:cover;background-size:cover;padding: 0px 0px 0px 0px;\"><div class=\"fusion-text fusion-text-5\"><h2>2 &#8211; La mutuelle Audiens met en place une aide exceptionnelle pour les intermittents<\/h2>\n<\/div><\/div><style type=\"text\/css\">.fusion-body .fusion-builder-column-4{width:100% !important;margin-top : 0px;margin-bottom : 20px;}.fusion-builder-column-4 > .fusion-column-wrapper {padding-top : 0px !important;padding-right : 0px !important;margin-right : 0px;padding-bottom : 0px !important;padding-left : 0px !important;margin-left : 0px;}@media only screen and (max-width:1024px) {.fusion-body .fusion-builder-column-4{width:100% !important;}.fusion-builder-column-4 > .fusion-column-wrapper {margin-right : 0px;margin-left : 0px;}}@media only screen and (max-width:640px) {.fusion-body .fusion-builder-column-4{width:100% !important;}.fusion-builder-column-4 > .fusion-column-wrapper {margin-right : 0px;margin-left : 0px;}}<\/style><\/div><\/div><style type=\"text\/css\">.fusion-body .fusion-flex-container.fusion-builder-row-5{ padding-top : 0px;margin-top : 0px;padding-right : 0px;padding-bottom : 0px;margin-bottom : 0px;padding-left : 0px;}<\/style><\/div><div class=\"fusion-fullwidth fullwidth-box fusion-builder-row-6 fusion-flex-container nonhundred-percent-fullwidth non-hundred-percent-height-scrolling\" style=\"background-color: rgba(255,255,255,0);background-position: center center;background-repeat: no-repeat;border-width: 0px 0px 0px 0px;border-color:#e2e2e2;border-style:solid;\" ><div class=\"fusion-builder-row fusion-row fusion-flex-align-items-flex-start\" style=\"max-width:calc( 1200px + 0px );margin-left: calc(-0px \/ 2 );margin-right: calc(-0px \/ 2 );\"><div class=\"fusion-layout-column fusion_builder_column fusion-builder-column-5 fusion_builder_column_1_1 1_1 fusion-flex-column\"><div class=\"fusion-column-wrapper fusion-flex-justify-content-flex-start fusion-content-layout-column\" style=\"background-position:left top;background-repeat:no-repeat;-webkit-background-size:cover;-moz-background-size:cover;-o-background-size:cover;background-size:cover;padding: 0px 0px 0px 0px;\"><div class=\"fusion-text fusion-text-6\"><p>Le groupe de protection sociale Audiens, sp\u00e9cialis\u00e9 dans la culture, la communication et les m\u00e9dias, a mis en place une aide exceptionnelle pour <i>\u00ables artistes et les techniciens intermittents du spectacle confront\u00e9s \u00e0 des annulations de cachets ou de jours de travail\u00bb<\/i>. <a href=\"https:\/\/www.audiens.org\/actu\/crise-du-coronavirus-covid-19-audiens-se-mobilise-pour-les-intermittents.html\" target=\"_blank\" rel=\"noopener noreferrer\">Un formulaire est \u00e0 remplir sur leur site<\/a>. La mutuelle promet un traitement en priorit\u00e9 de ces dossiers.<\/p>\n<\/div><\/div><style type=\"text\/css\">.fusion-body .fusion-builder-column-5{width:100% !important;margin-top : 0px;margin-bottom : 20px;}.fusion-builder-column-5 > .fusion-column-wrapper {padding-top : 0px !important;padding-right : 0px !important;margin-right : 0px;padding-bottom : 0px !important;padding-left : 0px !important;margin-left : 0px;}@media only screen and (max-width:1024px) {.fusion-body .fusion-builder-column-5{width:100% !important;}.fusion-builder-column-5 > .fusion-column-wrapper {margin-right : 0px;margin-left : 0px;}}@media only screen and (max-width:640px) {.fusion-body .fusion-builder-column-5{width:100% !important;}.fusion-builder-column-5 > .fusion-column-wrapper {margin-right : 0px;margin-left : 0px;}}<\/style><\/div><\/div><style type=\"text\/css\">.fusion-body .fusion-flex-container.fusion-builder-row-6{ padding-top : 0px;margin-top : 0px;padding-right : 0px;padding-bottom : 0px;margin-bottom : 0px;padding-left : 0px;}<\/style><\/div><div class=\"fusion-fullwidth fullwidth-box fusion-builder-row-7 fusion-flex-container nonhundred-percent-fullwidth non-hundred-percent-height-scrolling\" style=\"background-color: rgba(255,255,255,0);background-position: center center;background-repeat: no-repeat;border-width: 0px 0px 0px 0px;border-color:#e2e2e2;border-style:solid;\" ><div class=\"fusion-builder-row fusion-row fusion-flex-align-items-flex-start\" style=\"max-width:calc( 1200px + 0px );margin-left: calc(-0px \/ 2 );margin-right: calc(-0px \/ 2 );\"><div class=\"fusion-layout-column fusion_builder_column fusion-builder-column-6 fusion_builder_column_1_1 1_1 fusion-flex-column\"><div class=\"fusion-column-wrapper fusion-flex-justify-content-flex-start fusion-content-layout-column\" style=\"background-position:left top;background-repeat:no-repeat;-webkit-background-size:cover;-moz-background-size:cover;-o-background-size:cover;background-size:cover;padding: 0px 0px 0px 0px;\"><div class=\"fusion-text fusion-text-7\"><p style=\"text-align: center\"><strong>Suivez Compote de Prod sur les r\u00e9seaux sociaux<\/strong><\/p>\n<\/div><div class=\"fusion-social-links\" style=\"text-align:center\"><div class=\"fusion-social-networks boxed-icons\"><div class=\"fusion-social-networks-wrapper\"><a class=\"fusion-social-network-icon fusion-tooltip fusion-facebook fusion-icon-facebook\" style=\"color:#ffffff;font-size:16px;width: calc(16px + (2 * (8px)) + 2px);background-color:#3b5998;border-color:#3b5998;border-radius:4px;\" data-placement=\"top\" data-title=\"Facebook\" data-toggle=\"tooltip\" title=\"Facebook\" aria-label=\"facebook\" target=\"_blank\" rel=\"noopener noreferrer\" href=\"https:\/\/www.facebook.com\/Compote2Prod\/\"><\/a><a class=\"fusion-social-network-icon fusion-tooltip fusion-twitter fusion-icon-twitter\" style=\"color:#ffffff;font-size:16px;width: calc(16px + (2 * (8px)) + 2px);background-color:#55acee;border-color:#55acee;border-radius:4px;\" data-placement=\"top\" data-title=\"Twitter\" data-toggle=\"tooltip\" title=\"Twitter\" aria-label=\"twitter\" target=\"_blank\" rel=\"noopener noreferrer\" href=\"https:\/\/twitter.com\/CompoteDeProd\"><\/a><a class=\"fusion-social-network-icon fusion-tooltip fusion-instagram fusion-icon-instagram\" style=\"color:#ffffff;font-size:16px;width: calc(16px + (2 * (8px)) + 2px);background-color:#3f729b;border-color:#3f729b;border-radius:4px;\" data-placement=\"top\" data-title=\"Instagram\" data-toggle=\"tooltip\" title=\"Instagram\" aria-label=\"instagram\" target=\"_blank\" rel=\"noopener noreferrer\" href=\"https:\/\/www.instagram.com\/compotedeprod\/?hl=fr\"><\/a><a class=\"fusion-social-network-icon fusion-tooltip fusion-youtube fusion-icon-youtube\" style=\"color:#ffffff;font-size:16px;width: calc(16px + (2 * (8px)) + 2px);background-color:#cd201f;border-color:#cd201f;border-radius:4px;\" data-placement=\"top\" data-title=\"YouTube\" data-toggle=\"tooltip\" title=\"YouTube\" aria-label=\"youtube\" target=\"_blank\" rel=\"noopener noreferrer\" href=\"https:\/\/www.youtube.com\/channel\/UCMjN2mNvFje6pDUwvsp4K7Q\"><\/a><\/div><\/div><\/div><\/div><style type=\"text\/css\">.fusion-body .fusion-builder-column-6{width:100% !important;margin-top : 0px;margin-bottom : 20px;}.fusion-builder-column-6 > .fusion-column-wrapper {padding-top : 0px !important;padding-right : 0px !important;margin-right : 0px;padding-bottom : 0px !important;padding-left : 0px !important;margin-left : 0px;}@media only screen and (max-width:1024px) {.fusion-body .fusion-builder-column-6{width:100% !important;}.fusion-builder-column-6 > .fusion-column-wrapper {margin-right : 0px;margin-left : 0px;}}@media only screen and (max-width:640px) {.fusion-body .fusion-builder-column-6{width:100% !important;}.fusion-builder-column-6 > .fusion-column-wrapper {margin-right : 0px;margin-left : 0px;}}<\/style><\/div><\/div><style type=\"text\/css\">.fusion-body .fusion-flex-container.fusion-builder-row-7{ padding-top : 0px;margin-top : 0px;padding-right : 0px;padding-bottom : 0px;margin-bottom : 0px;padding-left : 0px;}<\/style><\/div><div class=\"fusion-fullwidth fullwidth-box fusion-builder-row-8 fusion-flex-container nonhundred-percent-fullwidth non-hundred-percent-height-scrolling\" style=\"background-color: rgba(255,255,255,0);background-position: center center;background-repeat: no-repeat;border-width: 0px 0px 0px 0px;border-color:#e2e2e2;border-style:solid;\" ><div class=\"fusion-builder-row fusion-row fusion-flex-align-items-flex-start\" style=\"max-width:calc( 1200px + 0px );margin-left: calc(-0px \/ 2 );margin-right: calc(-0px \/ 2 );\"><div class=\"fusion-layout-column fusion_builder_column fusion-builder-column-7 fusion_builder_column_1_1 1_1 fusion-flex-column\"><div class=\"fusion-column-wrapper fusion-flex-justify-content-flex-start fusion-content-layout-column\" style=\"background-position:left top;background-repeat:no-repeat;-webkit-background-size:cover;-moz-background-size:cover;-o-background-size:cover;background-size:cover;padding: 0px 0px 0px 0px;\"><div class=\"fusion-text fusion-text-8\"><h2>3 &#8211; L&rsquo;Etat d\u00e9bloque 5 millions d&rsquo;euros pour le spectacle vivant<\/h2>\n<\/div><\/div><style type=\"text\/css\">.fusion-body .fusion-builder-column-7{width:100% !important;margin-top : 0px;margin-bottom : 20px;}.fusion-builder-column-7 > .fusion-column-wrapper {padding-top : 0px !important;padding-right : 0px !important;margin-right : 0px;padding-bottom : 0px !important;padding-left : 0px !important;margin-left : 0px;}@media only screen and (max-width:1024px) {.fusion-body .fusion-builder-column-7{width:100% !important;}.fusion-builder-column-7 > .fusion-column-wrapper {margin-right : 0px;margin-left : 0px;}}@media only screen and (max-width:640px) {.fusion-body .fusion-builder-column-7{width:100% !important;}.fusion-builder-column-7 > .fusion-column-wrapper {margin-right : 0px;margin-left : 0px;}}<\/style><\/div><\/div><style type=\"text\/css\">.fusion-body .fusion-flex-container.fusion-builder-row-8{ padding-top : 0px;margin-top : 0px;padding-right : 0px;padding-bottom : 0px;margin-bottom : 0px;padding-left : 0px;}<\/style><\/div><div class=\"fusion-fullwidth fullwidth-box fusion-builder-row-9 fusion-flex-container nonhundred-percent-fullwidth non-hundred-percent-height-scrolling\" style=\"background-color: rgba(255,255,255,0);background-position: center center;background-repeat: no-repeat;border-width: 0px 0px 0px 0px;border-color:#e2e2e2;border-style:solid;\" ><div class=\"fusion-builder-row fusion-row fusion-flex-align-items-flex-start\" style=\"max-width:calc( 1200px + 0px );margin-left: calc(-0px \/ 2 );margin-right: calc(-0px \/ 2 );\"><div class=\"fusion-layout-column fusion_builder_column fusion-builder-column-8 fusion_builder_column_1_1 1_1 fusion-flex-column\"><div class=\"fusion-column-wrapper fusion-flex-justify-content-flex-start fusion-content-layout-column\" style=\"background-position:left top;background-repeat:no-repeat;-webkit-background-size:cover;-moz-background-size:cover;-o-background-size:cover;background-size:cover;padding: 0px 0px 0px 0px;\"><div ><span class=\" fusion-imageframe imageframe-none imageframe-1 hover-type-none\"><img fetchpriority=\"high\" fetchpriority=\"high\" decoding=\"async\" width=\"800\" height=\"454\" title=\"spectaclevivant5millions\" src=\"https:\/\/www.compotedeprod.com\/wp-content\/uploads\/2020\/03\/spectaclevivant5millions-800x454.jpg\" class=\"img-responsive wp-image-13380\" srcset=\"https:\/\/www.compotedeprod.com\/wp-content\/uploads\/2020\/03\/spectaclevivant5millions-200x113.jpg 200w, https:\/\/www.compotedeprod.com\/wp-content\/uploads\/2020\/03\/spectaclevivant5millions-400x227.jpg 400w, https:\/\/www.compotedeprod.com\/wp-content\/uploads\/2020\/03\/spectaclevivant5millions-600x340.jpg 600w, https:\/\/www.compotedeprod.com\/wp-content\/uploads\/2020\/03\/spectaclevivant5millions-800x454.jpg 800w, https:\/\/www.compotedeprod.com\/wp-content\/uploads\/2020\/03\/spectaclevivant5millions-1200x680.jpg 1200w, https:\/\/www.compotedeprod.com\/wp-content\/uploads\/2020\/03\/spectaclevivant5millions.jpg 1600w\" sizes=\"(max-width: 640px) 100vw, 800px\" \/><\/span><\/div><\/div><style type=\"text\/css\">.fusion-body .fusion-builder-column-8{width:100% !important;margin-top : 0px;margin-bottom : 20px;}.fusion-builder-column-8 > .fusion-column-wrapper {padding-top : 0px !important;padding-right : 0px !important;margin-right : 0px;padding-bottom : 0px !important;padding-left : 0px !important;margin-left : 0px;}@media only screen and (max-width:1024px) {.fusion-body .fusion-builder-column-8{width:100% !important;}.fusion-builder-column-8 > .fusion-column-wrapper {margin-right : 0px;margin-left : 0px;}}@media only screen and (max-width:640px) {.fusion-body .fusion-builder-column-8{width:100% !important;}.fusion-builder-column-8 > .fusion-column-wrapper {margin-right : 0px;margin-left : 0px;}}<\/style><\/div><\/div><style type=\"text\/css\">.fusion-body .fusion-flex-container.fusion-builder-row-9{ padding-top : 0px;margin-top : 0px;padding-right : 0px;padding-bottom : 0px;margin-bottom : 0px;padding-left : 0px;}<\/style><\/div><div class=\"fusion-fullwidth fullwidth-box fusion-builder-row-10 fusion-flex-container nonhundred-percent-fullwidth non-hundred-percent-height-scrolling\" style=\"background-color: rgba(255,255,255,0);background-position: center center;background-repeat: no-repeat;border-width: 0px 0px 0px 0px;border-color:#e2e2e2;border-style:solid;\" ><div class=\"fusion-builder-row fusion-row fusion-flex-align-items-flex-start\" style=\"max-width:calc( 1200px + 0px );margin-left: calc(-0px \/ 2 );margin-right: calc(-0px \/ 2 );\"><div class=\"fusion-layout-column fusion_builder_column fusion-builder-column-9 fusion_builder_column_1_1 1_1 fusion-flex-column\"><div class=\"fusion-column-wrapper fusion-flex-justify-content-flex-start fusion-content-layout-column\" style=\"background-position:left top;background-repeat:no-repeat;-webkit-background-size:cover;-moz-background-size:cover;-o-background-size:cover;background-size:cover;padding: 0px 0px 0px 0px;\"><div class=\"fusion-text fusion-text-9\"><p>Le minist\u00e8re de la Culture a annonc\u00e9 le 18 mars une <a href=\"https:\/\/www.culture.gouv.fr\/Presse\/Communiques-de-presse\/Crise-sanitaire-premieres-mesures-du-ministere-de-la-Culture-en-soutien-au-secteur-culturel\" target=\"_blank\" rel=\"noopener noreferrer\"><i>\u00abaide d\u2019urgence\u00bb<\/i><\/a> de 22 millions d\u2019euros pour diff\u00e9rents secteurs culturels frapp\u00e9s par la crise du coronavirus. Une enveloppe de 5 millions d&rsquo;euros serait r\u00e9serv\u00e9e au spectacle vivant, notamment au th\u00e9\u00e2tre priv\u00e9. Les modalit\u00e9s d&rsquo;application de cette aide d&rsquo;urgence n&rsquo;ont pas encore \u00e9t\u00e9 donn\u00e9es.<\/p>\n<p>Le minist\u00e8re de la Culture a \u00e9galement mis en place une cellule d&rsquo;information destin\u00e9e \u00e0 aider les professionnels de la culture. Danse, cirque, spectacle, musique&#8230; <a href=\"https:\/\/www.culture.gouv.fr\/Actualites\/Covid-19-le-ministere-de-la-Culture-informe-et-ecoute-les-professionnels\" target=\"_blank\" rel=\"noopener noreferrer\">Chaque secteur dispose d&rsquo;une adresse mail de contact diff\u00e9rente<\/a>.<\/p>\n<p>A noter, toutes les structures culturelles ayant le statut d&rsquo;entreprise entrent \u00e9galement dans le volet des <a href=\"https:\/\/www.entreprises.gouv.fr\/coronavirus-des-mesures-pour-entreprises-francaises-impactees\" target=\"_blank\" rel=\"noopener noreferrer\">mesures nationales<\/a> annonc\u00e9es le 16 mars par le chef de l&rsquo;Etat.<\/p>\n<\/div><\/div><style type=\"text\/css\">.fusion-body .fusion-builder-column-9{width:100% !important;margin-top : 0px;margin-bottom : 20px;}.fusion-builder-column-9 > .fusion-column-wrapper {padding-top : 0px !important;padding-right : 0px !important;margin-right : 0px;padding-bottom : 0px !important;padding-left : 0px !important;margin-left : 0px;}@media only screen and (max-width:1024px) {.fusion-body .fusion-builder-column-9{width:100% !important;}.fusion-builder-column-9 > .fusion-column-wrapper {margin-right : 0px;margin-left : 0px;}}@media only screen and (max-width:640px) {.fusion-body .fusion-builder-column-9{width:100% !important;}.fusion-builder-column-9 > .fusion-column-wrapper {margin-right : 0px;margin-left : 0px;}}<\/style><\/div><\/div><style type=\"text\/css\">.fusion-body .fusion-flex-container.fusion-builder-row-10{ padding-top : 0px;margin-top : 0px;padding-right : 0px;padding-bottom : 0px;margin-bottom : 0px;padding-left : 0px;}<\/style><\/div><div class=\"fusion-fullwidth fullwidth-box fusion-builder-row-11 fusion-flex-container nonhundred-percent-fullwidth non-hundred-percent-height-scrolling\" style=\"background-color: rgba(255,255,255,0);background-position: center center;background-repeat: no-repeat;border-width: 0px 0px 0px 0px;border-color:#e2e2e2;border-style:solid;\" ><div class=\"fusion-builder-row fusion-row fusion-flex-align-items-flex-start\" style=\"max-width:calc( 1200px + 0px );margin-left: calc(-0px \/ 2 );margin-right: calc(-0px \/ 2 );\"><div class=\"fusion-layout-column fusion_builder_column fusion-builder-column-10 fusion_builder_column_1_1 1_1 fusion-flex-column\"><div class=\"fusion-column-wrapper fusion-flex-justify-content-flex-start fusion-content-layout-column\" style=\"background-position:left top;background-repeat:no-repeat;-webkit-background-size:cover;-moz-background-size:cover;-o-background-size:cover;background-size:cover;padding: 0px 0px 0px 0px;\"><div class=\"fusion-text fusion-text-10\"><h2>4 &#8211; Le Centre National de la Musique promet 11 millions aux TPE et PME<\/h2>\n<\/div><\/div><style type=\"text\/css\">.fusion-body .fusion-builder-column-10{width:100% !important;margin-top : 0px;margin-bottom : 20px;}.fusion-builder-column-10 > .fusion-column-wrapper {padding-top : 0px !important;padding-right : 0px !important;margin-right : 0px;padding-bottom : 0px !important;padding-left : 0px !important;margin-left : 0px;}@media only screen and (max-width:1024px) {.fusion-body .fusion-builder-column-10{width:100% !important;}.fusion-builder-column-10 > .fusion-column-wrapper {margin-right : 0px;margin-left : 0px;}}@media only screen and (max-width:640px) {.fusion-body .fusion-builder-column-10{width:100% !important;}.fusion-builder-column-10 > .fusion-column-wrapper {margin-right : 0px;margin-left : 0px;}}<\/style><\/div><\/div><style type=\"text\/css\">.fusion-body .fusion-flex-container.fusion-builder-row-11{ padding-top : 0px;margin-top : 0px;padding-right : 0px;padding-bottom : 0px;margin-bottom : 0px;padding-left : 0px;}<\/style><\/div><div class=\"fusion-fullwidth fullwidth-box fusion-builder-row-12 fusion-flex-container nonhundred-percent-fullwidth non-hundred-percent-height-scrolling\" style=\"background-color: rgba(255,255,255,0);background-position: center center;background-repeat: no-repeat;border-width: 0px 0px 0px 0px;border-color:#e2e2e2;border-style:solid;\" ><div class=\"fusion-builder-row fusion-row fusion-flex-align-items-flex-start\" style=\"max-width:calc( 1200px + 0px );margin-left: calc(-0px \/ 2 );margin-right: calc(-0px \/ 2 );\"><div class=\"fusion-layout-column fusion_builder_column fusion-builder-column-11 fusion_builder_column_1_1 1_1 fusion-flex-column\"><div class=\"fusion-column-wrapper fusion-flex-justify-content-flex-start fusion-content-layout-column\" style=\"background-position:left top;background-repeat:no-repeat;-webkit-background-size:cover;-moz-background-size:cover;-o-background-size:cover;background-size:cover;padding: 0px 0px 0px 0px;\"><div ><span class=\" fusion-imageframe imageframe-none imageframe-2 hover-type-none\"><img decoding=\"async\" width=\"800\" height=\"457\" title=\"cnmcoronavirus\" src=\"https:\/\/www.compotedeprod.com\/wp-content\/uploads\/2020\/03\/cnmcoronavirus-800x457.png\" class=\"img-responsive wp-image-13381\" srcset=\"https:\/\/www.compotedeprod.com\/wp-content\/uploads\/2020\/03\/cnmcoronavirus-200x114.png 200w, https:\/\/www.compotedeprod.com\/wp-content\/uploads\/2020\/03\/cnmcoronavirus-400x228.png 400w, https:\/\/www.compotedeprod.com\/wp-content\/uploads\/2020\/03\/cnmcoronavirus-600x343.png 600w, https:\/\/www.compotedeprod.com\/wp-content\/uploads\/2020\/03\/cnmcoronavirus-800x457.png 800w, https:\/\/www.compotedeprod.com\/wp-content\/uploads\/2020\/03\/cnmcoronavirus-1200x685.png 1200w, https:\/\/www.compotedeprod.com\/wp-content\/uploads\/2020\/03\/cnmcoronavirus.png 1387w\" sizes=\"(max-width: 640px) 100vw, 800px\" \/><\/span><\/div><\/div><style type=\"text\/css\">.fusion-body .fusion-builder-column-11{width:100% !important;margin-top : 0px;margin-bottom : 20px;}.fusion-builder-column-11 > .fusion-column-wrapper {padding-top : 0px !important;padding-right : 0px !important;margin-right : 0px;padding-bottom : 0px !important;padding-left : 0px !important;margin-left : 0px;}@media only screen and (max-width:1024px) {.fusion-body .fusion-builder-column-11{width:100% !important;}.fusion-builder-column-11 > .fusion-column-wrapper {margin-right : 0px;margin-left : 0px;}}@media only screen and (max-width:640px) {.fusion-body .fusion-builder-column-11{width:100% !important;}.fusion-builder-column-11 > .fusion-column-wrapper {margin-right : 0px;margin-left : 0px;}}<\/style><\/div><\/div><style type=\"text\/css\">.fusion-body .fusion-flex-container.fusion-builder-row-12{ padding-top : 0px;margin-top : 0px;padding-right : 0px;padding-bottom : 0px;margin-bottom : 0px;padding-left : 0px;}<\/style><\/div><div class=\"fusion-fullwidth fullwidth-box fusion-builder-row-13 fusion-flex-container nonhundred-percent-fullwidth non-hundred-percent-height-scrolling\" style=\"background-color: rgba(255,255,255,0);background-position: center center;background-repeat: no-repeat;border-width: 0px 0px 0px 0px;border-color:#e2e2e2;border-style:solid;\" ><div class=\"fusion-builder-row fusion-row fusion-flex-align-items-flex-start\" style=\"max-width:calc( 1200px + 0px );margin-left: calc(-0px \/ 2 );margin-right: calc(-0px \/ 2 );\"><div class=\"fusion-layout-column fusion_builder_column fusion-builder-column-12 fusion_builder_column_1_1 1_1 fusion-flex-column\"><div class=\"fusion-column-wrapper fusion-flex-justify-content-flex-start fusion-content-layout-column\" style=\"background-position:left top;background-repeat:no-repeat;-webkit-background-size:cover;-moz-background-size:cover;-o-background-size:cover;background-size:cover;padding: 0px 0px 0px 0px;\"><div class=\"fusion-text fusion-text-11\"><p>Dans un communiqu\u00e9 du 18 mars, le Centre National de la Musique (CNM) a annonc\u00e9 suspendre la taxe spectacle et lancer un fonds de secours de 11,5 millions d&rsquo;euros en soutien aux entreprises en difficult\u00e9. <span style=\"font-style: italic\">\u00ab<\/span><i>Ce fonds de secours est destin\u00e9 aux TPE et PME disposant d\u2019une licence d\u2019entrepreneur de spectacle, <\/i>pr\u00e9cise le CNM,<i> qui exercent leur activit\u00e9 dans le domaine de la musique et des vari\u00e9t\u00e9s et qui font face, en raison de la propagation du virus Covid-19, \u00e0 des difficult\u00e9s de tr\u00e9sorerie susceptibles de compromettre la continuit\u00e9 de leur activit\u00e9.\u00bb<\/i> Chaque aide sera plafonn\u00e9e \u00e0 11.500 euros. Le CNM promet de la verser dans les trois semaines suivant le d\u00e9p\u00f4t de la demande t\u00e9l\u00e9chargeable \u00e0 partir du lundi 23 mars 2020 sur <a href=\"http:\/\/www.cnv.fr\/\" target=\"_blank\" rel=\"noopener noreferrer\">leur site internet<\/a>.<\/p>\n<\/div><\/div><style type=\"text\/css\">.fusion-body .fusion-builder-column-12{width:100% !important;margin-top : 0px;margin-bottom : 20px;}.fusion-builder-column-12 > .fusion-column-wrapper {padding-top : 0px !important;padding-right : 0px !important;margin-right : 0px;padding-bottom : 0px !important;padding-left : 0px !important;margin-left : 0px;}@media only screen and (max-width:1024px) {.fusion-body .fusion-builder-column-12{width:100% !important;}.fusion-builder-column-12 > .fusion-column-wrapper {margin-right : 0px;margin-left : 0px;}}@media only screen and (max-width:640px) {.fusion-body .fusion-builder-column-12{width:100% !important;}.fusion-builder-column-12 > .fusion-column-wrapper {margin-right : 0px;margin-left : 0px;}}<\/style><\/div><\/div><style type=\"text\/css\">.fusion-body .fusion-flex-container.fusion-builder-row-13{ padding-top : 0px;margin-top : 0px;padding-right : 0px;padding-bottom : 0px;margin-bottom : 0px;padding-left : 0px;}<\/style><\/div><div class=\"fusion-fullwidth fullwidth-box fusion-builder-row-14 fusion-flex-container nonhundred-percent-fullwidth non-hundred-percent-height-scrolling\" style=\"background-color: rgba(255,255,255,0);background-position: center center;background-repeat: no-repeat;border-width: 0px 0px 0px 0px;border-color:#e2e2e2;border-style:solid;\" ><div class=\"fusion-builder-row fusion-row fusion-flex-align-items-flex-start\" style=\"max-width:calc( 1200px + 0px );margin-left: calc(-0px \/ 2 );margin-right: calc(-0px \/ 2 );\"><div class=\"fusion-layout-column fusion_builder_column fusion-builder-column-13 fusion_builder_column_1_1 1_1 fusion-flex-column\"><div class=\"fusion-column-wrapper fusion-flex-justify-content-flex-start fusion-content-layout-column\" style=\"background-position:left top;background-repeat:no-repeat;-webkit-background-size:cover;-moz-background-size:cover;-o-background-size:cover;background-size:cover;padding: 0px 0px 0px 0px;\"><div class=\"fusion-text fusion-text-12\"><h2>5 &#8211; La r\u00e9gion Ile-de-France donne 10 millions pour la culture<\/h2>\n<\/div><\/div><style type=\"text\/css\">.fusion-body .fusion-builder-column-13{width:100% !important;margin-top : 0px;margin-bottom : 20px;}.fusion-builder-column-13 > .fusion-column-wrapper {padding-top : 0px !important;padding-right : 0px !important;margin-right : 0px;padding-bottom : 0px !important;padding-left : 0px !important;margin-left : 0px;}@media only screen and (max-width:1024px) {.fusion-body .fusion-builder-column-13{width:100% !important;}.fusion-builder-column-13 > .fusion-column-wrapper {margin-right : 0px;margin-left : 0px;}}@media only screen and (max-width:640px) {.fusion-body .fusion-builder-column-13{width:100% !important;}.fusion-builder-column-13 > .fusion-column-wrapper {margin-right : 0px;margin-left : 0px;}}<\/style><\/div><\/div><style type=\"text\/css\">.fusion-body .fusion-flex-container.fusion-builder-row-14{ padding-top : 0px;margin-top : 0px;padding-right : 0px;padding-bottom : 0px;margin-bottom : 0px;padding-left : 0px;}<\/style><\/div><div class=\"fusion-fullwidth fullwidth-box fusion-builder-row-15 fusion-flex-container nonhundred-percent-fullwidth non-hundred-percent-height-scrolling\" style=\"background-color: rgba(255,255,255,0);background-position: center center;background-repeat: no-repeat;border-width: 0px 0px 0px 0px;border-color:#e2e2e2;border-style:solid;\" ><div class=\"fusion-builder-row fusion-row fusion-flex-align-items-flex-start\" style=\"max-width:calc( 1200px + 0px );margin-left: calc(-0px \/ 2 );margin-right: calc(-0px \/ 2 );\"><div class=\"fusion-layout-column fusion_builder_column fusion-builder-column-14 fusion_builder_column_1_1 1_1 fusion-flex-column\"><div class=\"fusion-column-wrapper fusion-flex-justify-content-flex-start fusion-content-layout-column\" style=\"background-position:left top;background-repeat:no-repeat;-webkit-background-size:cover;-moz-background-size:cover;-o-background-size:cover;background-size:cover;padding: 0px 0px 0px 0px;\"><div class=\"fusion-text fusion-text-13\"><p>La r\u00e9gion Ile-de-France a annonc\u00e9 le 18 mars cr\u00e9er <a href=\"https:\/\/www.lri-idf.fr\/covid-19-la-region-se-mobilise\/\" target=\"_blank\" rel=\"noopener noreferrer\">un fonds de soutien<\/a> de 10 millions d&rsquo;euros pour le spectacle vivant <i>\u00aben soutien aux professionnels de la culture les plus touch\u00e9s\u00bb. <\/i><\/p>\n<p>La r\u00e9gion Bretagne a annonc\u00e9 maintenir les subventions pour les \u00e9v\u00e9nements d&rsquo;avril et mail. La r\u00e9gion Nouvelle Aquitaine r\u00e9servera 5 millions d\u2019euros aux associations de culture, du sport et de l\u2019Economie Sociale et Solidaire.<\/p>\n<\/div><div class=\"fusion-sharing-box fusion-sharing-box-1\" style=\"background-color:#f6f6f6;margin-top:60px;\" data-title=\"Coronavirus : quelles aides financi\u00e8res pour les professionnels du spectacle vivant ?\" data-description=\"Pr\u00e8s de 600 millions d&#039;euros. Le syndicat du spectacle musical Prodiss a chiffr\u00e9 le montant des pertes li\u00e9es aux annulations des spectacles entre mars et mai \u00e0 590 millions d&#039;euros. Recettes de billetterie, contrats de cession de spectacles, locations de salles, recettes de bar, restauration, sponsoring, le\" data-link=\"https:\/\/www.compotedeprod.com\/2020\/03\/21\/coronavirus-quelles-aides-les-professionnels-du-spectacle-vivant-peuvent-ils-demander\/\"><h4 class=\"tagline\" style=\"color:#333333;\">Vous avez trouv\u00e9 cet article int\u00e9ressant ? Partagez-le !<\/h4><div class=\"fusion-social-networks sharingbox-shortcode-icon-wrapper sharingbox-shortcode-icon-wrapper-1\"><span><a href=\"https:\/\/www.facebook.com\/sharer.php?u=https%3A%2F%2Fwww.compotedeprod.com%2F2020%2F03%2F21%2Fcoronavirus-quelles-aides-les-professionnels-du-spectacle-vivant-peuvent-ils-demander%2F&amp;t=Coronavirus%20%3A%20quelles%20aides%20financi%C3%A8res%20pour%20les%20professionnels%20du%20spectacle%20vivant%20%3F\" target=\"_blank\" title=\"Facebook\" aria-label=\"Facebook\" data-placement=\"top\" data-toggle=\"tooltip\" data-title=\"Facebook\"><i class=\"fusion-social-network-icon fusion-tooltip fusion-facebook fusion-icon-facebook\" style=\"color:#bebdbd;\" aria-hidden=\"true\"><\/i><\/a><\/span><span><a href=\"https:\/\/twitter.com\/share?text=Coronavirus%20%3A%20quelles%20aides%20financi%C3%A8res%20pour%20les%20professionnels%20du%20spectacle%20vivant%20%3F&amp;url=https%3A%2F%2Fwww.compotedeprod.com%2F2020%2F03%2F21%2Fcoronavirus-quelles-aides-les-professionnels-du-spectacle-vivant-peuvent-ils-demander%2F\" target=\"_blank\" rel=\"noopener noreferrer\" title=\"Twitter\" aria-label=\"Twitter\" data-placement=\"top\" data-toggle=\"tooltip\" data-title=\"Twitter\"><i class=\"fusion-social-network-icon fusion-tooltip fusion-twitter fusion-icon-twitter\" style=\"color:#bebdbd;\" aria-hidden=\"true\"><\/i><\/a><\/span><span><a href=\"http:\/\/reddit.com\/submit?url=https:\/\/www.compotedeprod.com\/2020\/03\/21\/coronavirus-quelles-aides-les-professionnels-du-spectacle-vivant-peuvent-ils-demander\/&amp;title=Coronavirus : quelles aides financi\u00e8res pour les professionnels du spectacle vivant ?\" target=\"_blank\" rel=\"noopener noreferrer\" title=\"Reddit\" aria-label=\"Reddit\" data-placement=\"top\" data-toggle=\"tooltip\" data-title=\"Reddit\"><i class=\"fusion-social-network-icon fusion-tooltip fusion-reddit fusion-icon-reddit\" style=\"color:#bebdbd;\" aria-hidden=\"true\"><\/i><\/a><\/span><span><a href=\"https:\/\/www.linkedin.com\/shareArticle?mini=true&amp;url=https%3A%2F%2Fwww.compotedeprod.com%2F2020%2F03%2F21%2Fcoronavirus-quelles-aides-les-professionnels-du-spectacle-vivant-peuvent-ils-demander%2F&amp;title=Coronavirus%20%3A%20quelles%20aides%20financi%C3%A8res%20pour%20les%20professionnels%20du%20spectacle%20vivant%20%3F&amp;summary=Pr%C3%A8s%20de%20600%20millions%20d%26%2339%3Beuros.%20Le%20syndicat%20du%20spectacle%20musical%20Prodiss%20a%20chiffr%C3%A9%20le%20montant%20des%20pertes%20li%C3%A9es%20aux%20annulations%20des%20spectacles%20entre%20mars%20et%20mai%20%C3%A0%20590%20millions%20d%26%2339%3Beuros.%20Recettes%20de%20billetterie%2C%20contrats%20de%20cession%20de%20spectacles%2C%20locations%20de%20salles%2C%20recettes%20de%20bar%2C%20restauration%2C%20sponsoring%2C%20le\" target=\"_blank\" rel=\"noopener noreferrer\" title=\"LinkedIn\" aria-label=\"LinkedIn\" data-placement=\"top\" data-toggle=\"tooltip\" data-title=\"LinkedIn\"><i class=\"fusion-social-network-icon fusion-tooltip fusion-linkedin fusion-icon-linkedin\" style=\"color:#bebdbd;\" aria-hidden=\"true\"><\/i><\/a><\/span><span><a href=\"https:\/\/api.whatsapp.com\/send?text=https%3A%2F%2Fwww.compotedeprod.com%2F2020%2F03%2F21%2Fcoronavirus-quelles-aides-les-professionnels-du-spectacle-vivant-peuvent-ils-demander%2F\" target=\"_blank\" rel=\"noopener noreferrer\" title=\"WhatsApp\" aria-label=\"WhatsApp\" data-placement=\"top\" data-toggle=\"tooltip\" data-title=\"WhatsApp\"><i class=\"fusion-social-network-icon fusion-tooltip fusion-whatsapp fusion-icon-whatsapp\" style=\"color:#bebdbd;\" aria-hidden=\"true\"><\/i><\/a><\/span><span><a href=\"http:\/\/www.tumblr.com\/share\/link?url=https%3A%2F%2Fwww.compotedeprod.com%2F2020%2F03%2F21%2Fcoronavirus-quelles-aides-les-professionnels-du-spectacle-vivant-peuvent-ils-demander%2F&amp;name=Coronavirus%20%3A%20quelles%20aides%20financi%C3%A8res%20pour%20les%20professionnels%20du%20spectacle%20vivant%20%3F&amp;description=Pr%C3%A8s%20de%20600%20millions%20d%26%2339%3Beuros.%20Le%20syndicat%20du%20spectacle%20musical%20Prodiss%20a%20chiffr%C3%A9%20le%20montant%20des%20pertes%20li%C3%A9es%20aux%20annulations%20des%20spectacles%20entre%20mars%20et%20mai%20%C3%A0%20590%20millions%20d%26%2339%3Beuros.%20Recettes%20de%20billetterie%2C%20contrats%20de%20cession%20de%20spectacles%2C%20locations%20de%20salles%2C%20recettes%20de%20bar%2C%20restauration%2C%20sponsoring%2C%20le\" target=\"_blank\" rel=\"noopener noreferrer\" title=\"Tumblr\" aria-label=\"Tumblr\" data-placement=\"top\" data-toggle=\"tooltip\" data-title=\"Tumblr\"><i class=\"fusion-social-network-icon fusion-tooltip fusion-tumblr fusion-icon-tumblr\" style=\"color:#bebdbd;\" aria-hidden=\"true\"><\/i><\/a><\/span><span><a href=\"http:\/\/pinterest.com\/pin\/create\/button\/?url=https%3A%2F%2Fwww.compotedeprod.com%2F2020%2F03%2F21%2Fcoronavirus-quelles-aides-les-professionnels-du-spectacle-vivant-peuvent-ils-demander%2F&amp;description=Pr%C3%A8s%20de%20600%20millions%20d%26%2339%3Beuros.%20Le%20syndicat%20du%20spectacle%20musical%20Prodiss%20a%20chiffr%C3%A9%20le%20montant%20des%20pertes%20li%C3%A9es%20aux%20annulations%20des%20spectacles%20entre%20mars%20et%20mai%20%C3%A0%20590%20millions%20d%26%2339%3Beuros.%20Recettes%20de%20billetterie%2C%20contrats%20de%20cession%20de%20spectacles%2C%20locations%20de%20salles%2C%20recettes%20de%20bar%2C%20restauration%2C%20sponsoring%2C%20le&amp;media=\" target=\"_blank\" rel=\"noopener noreferrer\" title=\"Pinterest\" aria-label=\"Pinterest\" data-placement=\"top\" data-toggle=\"tooltip\" data-title=\"Pinterest\"><i class=\"fusion-social-network-icon fusion-tooltip fusion-pinterest fusion-icon-pinterest\" style=\"color:#bebdbd;\" aria-hidden=\"true\"><\/i><\/a><\/span><span><a href=\"http:\/\/vkontakte.ru\/share.php?url=https%3A%2F%2Fwww.compotedeprod.com%2F2020%2F03%2F21%2Fcoronavirus-quelles-aides-les-professionnels-du-spectacle-vivant-peuvent-ils-demander%2F&amp;title=Coronavirus%20%3A%20quelles%20aides%20financi%C3%A8res%20pour%20les%20professionnels%20du%20spectacle%20vivant%20%3F&amp;description=Pr%C3%A8s%20de%20600%20millions%20d%26%2339%3Beuros.%20Le%20syndicat%20du%20spectacle%20musical%20Prodiss%20a%20chiffr%C3%A9%20le%20montant%20des%20pertes%20li%C3%A9es%20aux%20annulations%20des%20spectacles%20entre%20mars%20et%20mai%20%C3%A0%20590%20millions%20d%26%2339%3Beuros.%20Recettes%20de%20billetterie%2C%20contrats%20de%20cession%20de%20spectacles%2C%20locations%20de%20salles%2C%20recettes%20de%20bar%2C%20restauration%2C%20sponsoring%2C%20le\" target=\"_blank\" rel=\"noopener noreferrer\" title=\"Vk\" aria-label=\"Vk\" data-placement=\"top\" data-toggle=\"tooltip\" data-title=\"Vk\"><i class=\"fusion-social-network-icon fusion-tooltip fusion-vk fusion-icon-vk\" style=\"color:#bebdbd;\" aria-hidden=\"true\"><\/i><\/a><\/span><span><a href=\"https:\/\/www.xing.com\/social_plugins\/share\/new?sc_p=xing-share&amp;h=1&amp;url=https%3A%2F%2Fwww.compotedeprod.com%2F2020%2F03%2F21%2Fcoronavirus-quelles-aides-les-professionnels-du-spectacle-vivant-peuvent-ils-demander%2F\" target=\"_blank\" rel=\"noopener noreferrer\" title=\"Xing\" aria-label=\"Xing\" data-placement=\"top\" data-toggle=\"tooltip\" data-title=\"Xing\"><i class=\"fusion-social-network-icon fusion-tooltip fusion-xing fusion-icon-xing\" style=\"color:#bebdbd;\" aria-hidden=\"true\"><\/i><\/a><\/span><span><a href=\"mailto:?subject=Coronavirus%20%3A%20quelles%20aides%20financi%C3%A8res%20pour%20les%20professionnels%20du%20spectacle%20vivant%20%3F&amp;body=https%3A%2F%2Fwww.compotedeprod.com%2F2020%2F03%2F21%2Fcoronavirus-quelles-aides-les-professionnels-du-spectacle-vivant-peuvent-ils-demander%2F\" target=\"_self\" title=\"Email\" aria-label=\"Email\" data-placement=\"top\" data-toggle=\"tooltip\" data-title=\"Email\"><i class=\"fusion-social-network-icon fusion-tooltip fusion-mail fusion-icon-mail\" style=\"color:#bebdbd;\" aria-hidden=\"true\"><\/i><\/a><\/span><\/div><\/div><style type=\"text\/css\">.fusion-sharing-box-1 h4{margin-bottom:0 !important;}.fusion-sharing-box-1{flex-direction:row !important;}@media only screen and (max-width:1024px){.fusion-sharing-box-1 h4{margin-right:0.5em !important;margin-bottom:0 !important;}.sharingbox-shortcode-icon-wrapper-1{width:auto !important;justify-content:flex-end !important;}.fusion-sharing-box-1{align-items:center !important;} }@media only screen and (max-width:640px){.fusion-sharing-box-1{flex-direction:row !important;align-items:center !important;}.fusion-sharing-box-1 h4{margin-right:0.5em !important;margin-bottom:0 !important;}.sharingbox-shortcode-icon-wrapper-1{width:auto !important;justify-content:space-between !important;} }<\/style><\/div><style type=\"text\/css\">.fusion-body .fusion-builder-column-14{width:100% !important;margin-top : 0px;margin-bottom : 20px;}.fusion-builder-column-14 > .fusion-column-wrapper {padding-top : 0px !important;padding-right : 0px !important;margin-right : 0px;padding-bottom : 0px !important;padding-left : 0px !important;margin-left : 0px;}@media only screen and (max-width:1024px) {.fusion-body .fusion-builder-column-14{width:100% !important;}.fusion-builder-column-14 > .fusion-column-wrapper {margin-right : 0px;margin-left : 0px;}}@media only screen and (max-width:640px) {.fusion-body .fusion-builder-column-14{width:100% !important;}.fusion-builder-column-14 > .fusion-column-wrapper {margin-right : 0px;margin-left : 0px;}}<\/style><\/div><\/div><style type=\"text\/css\">.fusion-body .fusion-flex-container.fusion-builder-row-15{ padding-top : 0px;margin-top : 0px;padding-right : 0px;padding-bottom : 0px;margin-bottom : 0px;padding-left : 0px;}<\/style><\/div><\/p>\n","protected":false},"excerpt":{"rendered":"","protected":false},"author":2,"featured_media":13383,"comment_status":"open","ping_status":"closed","sticky":false,"template":"","format":"standard","meta":{"_acf_changed":false,"om_disable_all_campaigns":false,"_monsterinsights_skip_tracking":false,"_monsterinsights_sitenote_active":false,"_monsterinsights_sitenote_note":"","_monsterinsights_sitenote_category":0,"_uf_show_specific_survey":0,"_uf_disable_surveys":false,"footnotes":""},"categories":[63,1],"tags":[],"class_list":["post-13374","post","type-post","status-publish","format-standard","has-post-thumbnail","hentry","category-covid","category-general"],"acf":[],"yoast_head":"<!-- This site is optimized with the Yoast SEO plugin v27.5 - https:\/\/yoast.com\/product\/yoast-seo-wordpress\/ -->\n<title>Coronavirus : Quelles aides pour les professionnels du spectacle vivant ?<\/title>\n<meta name=\"description\" content=\"Etat, R\u00e9gions, P\u00f4le emploi, mutuelle... Plusieurs structures ont annonc\u00e9 d\u00e9bloqu\u00e9 des fonds pour sauver la culture en pleine crise du Covid-19.\" \/>\n<meta name=\"robots\" content=\"index, follow, max-snippet:-1, max-image-preview:large, max-video-preview:-1\" \/>\n<link rel=\"canonical\" href=\"https:\/\/www.compotedeprod.com\/?p=13374\" \/>\n<meta property=\"og:locale\" content=\"fr_FR\" \/>\n<meta property=\"og:type\" content=\"article\" \/>\n<meta property=\"og:title\" content=\"Coronavirus : Quelles aides pour les professionnels du spectacle vivant ?\" \/>\n<meta property=\"og:description\" content=\"Etat, R\u00e9gions, P\u00f4le emploi, mutuelle... Plusieurs structures ont annonc\u00e9 d\u00e9bloqu\u00e9 des fonds pour sauver la culture en pleine crise du Covid-19.\" \/>\n<meta property=\"og:url\" content=\"https:\/\/www.compotedeprod.com\/?p=13374\" \/>\n<meta property=\"og:site_name\" content=\"Compote de Prod\" \/>\n<meta property=\"article:publisher\" content=\"https:\/\/www.facebook.com\/Compote2Prod\/\" \/>\n<meta property=\"article:published_time\" content=\"2020-03-21T14:36:26+00:00\" \/>\n<meta property=\"article:modified_time\" content=\"2020-10-03T08:44:02+00:00\" \/>\n<meta property=\"og:image\" content=\"https:\/\/www.compotedeprod.com\/wp-content\/uploads\/2020\/03\/coronavirus-quelles-aides-les-professionnels-du-spectacle-vivant-peuvent-ils-demander.jpg\" \/>\n\t<meta property=\"og:image:width\" content=\"1920\" \/>\n\t<meta property=\"og:image:height\" content=\"1280\" \/>\n\t<meta property=\"og:image:type\" content=\"image\/jpeg\" \/>\n<meta name=\"author\" content=\"admin\" \/>\n<meta name=\"twitter:card\" content=\"summary_large_image\" \/>\n<meta name=\"twitter:creator\" content=\"@CompoteDeProd\" \/>\n<meta name=\"twitter:site\" content=\"@CompoteDeProd\" \/>\n<meta name=\"twitter:label1\" content=\"\u00c9crit par\" \/>\n\t<meta name=\"twitter:data1\" content=\"admin\" \/>\n\t<meta name=\"twitter:label2\" content=\"Dur\u00e9e de lecture estim\u00e9e\" \/>\n\t<meta name=\"twitter:data2\" content=\"31 minutes\" \/>\n<script type=\"application\/ld+json\" class=\"yoast-schema-graph\">{\"@context\":\"https:\\\/\\\/schema.org\",\"@graph\":[{\"@type\":\"Article\",\"@id\":\"https:\\\/\\\/www.compotedeprod.com\\\/?p=13374#article\",\"isPartOf\":{\"@id\":\"https:\\\/\\\/www.compotedeprod.com\\\/?p=13374\"},\"author\":{\"name\":\"admin\",\"@id\":\"https:\\\/\\\/www.compotedeprod.com\\\/#\\\/schema\\\/person\\\/3be9b99cc7ba103cc329c4cf7e6c909f\"},\"headline\":\"Coronavirus : quelles aides financi\u00e8res pour les professionnels du spectacle vivant ?\",\"datePublished\":\"2020-03-21T14:36:26+00:00\",\"dateModified\":\"2020-10-03T08:44:02+00:00\",\"mainEntityOfPage\":{\"@id\":\"https:\\\/\\\/www.compotedeprod.com\\\/?p=13374\"},\"wordCount\":6219,\"commentCount\":0,\"publisher\":{\"@id\":\"https:\\\/\\\/www.compotedeprod.com\\\/#organization\"},\"image\":{\"@id\":\"https:\\\/\\\/www.compotedeprod.com\\\/?p=13374#primaryimage\"},\"thumbnailUrl\":\"https:\\\/\\\/www.compotedeprod.com\\\/wp-content\\\/uploads\\\/2020\\\/03\\\/coronavirus-quelles-aides-les-professionnels-du-spectacle-vivant-peuvent-ils-demander.jpg\",\"articleSection\":[\"Covid\",\"G\u00e9n\u00e9ral\"],\"inLanguage\":\"fr-FR\",\"potentialAction\":[{\"@type\":\"CommentAction\",\"name\":\"Comment\",\"target\":[\"https:\\\/\\\/www.compotedeprod.com\\\/?p=13374#respond\"]}]},{\"@type\":\"WebPage\",\"@id\":\"https:\\\/\\\/www.compotedeprod.com\\\/?p=13374\",\"url\":\"https:\\\/\\\/www.compotedeprod.com\\\/?p=13374\",\"name\":\"Coronavirus : Quelles aides pour les professionnels du spectacle vivant ?\",\"isPartOf\":{\"@id\":\"https:\\\/\\\/www.compotedeprod.com\\\/#website\"},\"primaryImageOfPage\":{\"@id\":\"https:\\\/\\\/www.compotedeprod.com\\\/?p=13374#primaryimage\"},\"image\":{\"@id\":\"https:\\\/\\\/www.compotedeprod.com\\\/?p=13374#primaryimage\"},\"thumbnailUrl\":\"https:\\\/\\\/www.compotedeprod.com\\\/wp-content\\\/uploads\\\/2020\\\/03\\\/coronavirus-quelles-aides-les-professionnels-du-spectacle-vivant-peuvent-ils-demander.jpg\",\"datePublished\":\"2020-03-21T14:36:26+00:00\",\"dateModified\":\"2020-10-03T08:44:02+00:00\",\"description\":\"Etat, R\u00e9gions, P\u00f4le emploi, mutuelle... Plusieurs structures ont annonc\u00e9 d\u00e9bloqu\u00e9 des fonds pour sauver la culture en pleine crise du Covid-19.\",\"breadcrumb\":{\"@id\":\"https:\\\/\\\/www.compotedeprod.com\\\/?p=13374#breadcrumb\"},\"inLanguage\":\"fr-FR\",\"potentialAction\":[{\"@type\":\"ReadAction\",\"target\":[\"https:\\\/\\\/www.compotedeprod.com\\\/?p=13374\"]}]},{\"@type\":\"ImageObject\",\"inLanguage\":\"fr-FR\",\"@id\":\"https:\\\/\\\/www.compotedeprod.com\\\/?p=13374#primaryimage\",\"url\":\"https:\\\/\\\/www.compotedeprod.com\\\/wp-content\\\/uploads\\\/2020\\\/03\\\/coronavirus-quelles-aides-les-professionnels-du-spectacle-vivant-peuvent-ils-demander.jpg\",\"contentUrl\":\"https:\\\/\\\/www.compotedeprod.com\\\/wp-content\\\/uploads\\\/2020\\\/03\\\/coronavirus-quelles-aides-les-professionnels-du-spectacle-vivant-peuvent-ils-demander.jpg\",\"width\":1920,\"height\":1280,\"caption\":\"Coronavirus : Quelles aides les professionnels du spectacle vivant peuvent-ils demander ?\"},{\"@type\":\"BreadcrumbList\",\"@id\":\"https:\\\/\\\/www.compotedeprod.com\\\/?p=13374#breadcrumb\",\"itemListElement\":[{\"@type\":\"ListItem\",\"position\":1,\"name\":\"Accueil\",\"item\":\"https:\\\/\\\/www.compotedeprod.com\\\/\"},{\"@type\":\"ListItem\",\"position\":2,\"name\":\"Coronavirus : quelles aides financi\u00e8res pour les professionnels du spectacle vivant ?\"}]},{\"@type\":\"WebSite\",\"@id\":\"https:\\\/\\\/www.compotedeprod.com\\\/#website\",\"url\":\"https:\\\/\\\/www.compotedeprod.com\\\/\",\"name\":\"Compote de Prod\",\"description\":\"\",\"publisher\":{\"@id\":\"https:\\\/\\\/www.compotedeprod.com\\\/#organization\"},\"potentialAction\":[{\"@type\":\"SearchAction\",\"target\":{\"@type\":\"EntryPoint\",\"urlTemplate\":\"https:\\\/\\\/www.compotedeprod.com\\\/?s={search_term_string}\"},\"query-input\":{\"@type\":\"PropertyValueSpecification\",\"valueRequired\":true,\"valueName\":\"search_term_string\"}}],\"inLanguage\":\"fr-FR\"},{\"@type\":\"Organization\",\"@id\":\"https:\\\/\\\/www.compotedeprod.com\\\/#organization\",\"name\":\"Compote de Prod\",\"url\":\"https:\\\/\\\/www.compotedeprod.com\\\/\",\"logo\":{\"@type\":\"ImageObject\",\"inLanguage\":\"fr-FR\",\"@id\":\"https:\\\/\\\/www.compotedeprod.com\\\/#\\\/schema\\\/logo\\\/image\\\/\",\"url\":\"https:\\\/\\\/www.compotedeprod.com\\\/wp-content\\\/uploads\\\/2019\\\/05\\\/logo_CDP_noir.png\",\"contentUrl\":\"https:\\\/\\\/www.compotedeprod.com\\\/wp-content\\\/uploads\\\/2019\\\/05\\\/logo_CDP_noir.png\",\"width\":950,\"height\":508,\"caption\":\"Compote de Prod\"},\"image\":{\"@id\":\"https:\\\/\\\/www.compotedeprod.com\\\/#\\\/schema\\\/logo\\\/image\\\/\"},\"sameAs\":[\"https:\\\/\\\/www.facebook.com\\\/Compote2Prod\\\/\",\"https:\\\/\\\/x.com\\\/CompoteDeProd\",\"https:\\\/\\\/www.instagram.com\\\/compotedeprod\",\"https:\\\/\\\/www.linkedin.com\\\/company\\\/compote-de-prod\\\/\",\"https:\\\/\\\/www.youtube.com\\\/channel\\\/UCMjN2mNvFje6pDUwvsp4K7Q\"]},{\"@type\":\"Person\",\"@id\":\"https:\\\/\\\/www.compotedeprod.com\\\/#\\\/schema\\\/person\\\/3be9b99cc7ba103cc329c4cf7e6c909f\",\"name\":\"admin\",\"image\":{\"@type\":\"ImageObject\",\"inLanguage\":\"fr-FR\",\"@id\":\"https:\\\/\\\/secure.gravatar.com\\\/avatar\\\/fb1a4757f83b74e5a87c1554c8689bab12d09674f9e15db366c3636ab452004c?s=96&d=mm&r=g\",\"url\":\"https:\\\/\\\/secure.gravatar.com\\\/avatar\\\/fb1a4757f83b74e5a87c1554c8689bab12d09674f9e15db366c3636ab452004c?s=96&d=mm&r=g\",\"contentUrl\":\"https:\\\/\\\/secure.gravatar.com\\\/avatar\\\/fb1a4757f83b74e5a87c1554c8689bab12d09674f9e15db366c3636ab452004c?s=96&d=mm&r=g\",\"caption\":\"admin\"}}]}<\/script>\n<!-- \/ Yoast SEO plugin. -->","yoast_head_json":{"title":"Coronavirus : Quelles aides pour les professionnels du spectacle vivant ?","description":"Etat, R\u00e9gions, P\u00f4le emploi, mutuelle... Plusieurs structures ont annonc\u00e9 d\u00e9bloqu\u00e9 des fonds pour sauver la culture en pleine crise du Covid-19.","robots":{"index":"index","follow":"follow","max-snippet":"max-snippet:-1","max-image-preview":"max-image-preview:large","max-video-preview":"max-video-preview:-1"},"canonical":"https:\/\/www.compotedeprod.com\/?p=13374","og_locale":"fr_FR","og_type":"article","og_title":"Coronavirus : Quelles aides pour les professionnels du spectacle vivant ?","og_description":"Etat, R\u00e9gions, P\u00f4le emploi, mutuelle... Plusieurs structures ont annonc\u00e9 d\u00e9bloqu\u00e9 des fonds pour sauver la culture en pleine crise du Covid-19.","og_url":"https:\/\/www.compotedeprod.com\/?p=13374","og_site_name":"Compote de Prod","article_publisher":"https:\/\/www.facebook.com\/Compote2Prod\/","article_published_time":"2020-03-21T14:36:26+00:00","article_modified_time":"2020-10-03T08:44:02+00:00","og_image":[{"width":1920,"height":1280,"url":"https:\/\/www.compotedeprod.com\/wp-content\/uploads\/2020\/03\/coronavirus-quelles-aides-les-professionnels-du-spectacle-vivant-peuvent-ils-demander.jpg","type":"image\/jpeg"}],"author":"admin","twitter_card":"summary_large_image","twitter_creator":"@CompoteDeProd","twitter_site":"@CompoteDeProd","twitter_misc":{"\u00c9crit par":"admin","Dur\u00e9e de lecture estim\u00e9e":"31 minutes"},"schema":{"@context":"https:\/\/schema.org","@graph":[{"@type":"Article","@id":"https:\/\/www.compotedeprod.com\/?p=13374#article","isPartOf":{"@id":"https:\/\/www.compotedeprod.com\/?p=13374"},"author":{"name":"admin","@id":"https:\/\/www.compotedeprod.com\/#\/schema\/person\/3be9b99cc7ba103cc329c4cf7e6c909f"},"headline":"Coronavirus : quelles aides financi\u00e8res pour les professionnels du spectacle vivant ?","datePublished":"2020-03-21T14:36:26+00:00","dateModified":"2020-10-03T08:44:02+00:00","mainEntityOfPage":{"@id":"https:\/\/www.compotedeprod.com\/?p=13374"},"wordCount":6219,"commentCount":0,"publisher":{"@id":"https:\/\/www.compotedeprod.com\/#organization"},"image":{"@id":"https:\/\/www.compotedeprod.com\/?p=13374#primaryimage"},"thumbnailUrl":"https:\/\/www.compotedeprod.com\/wp-content\/uploads\/2020\/03\/coronavirus-quelles-aides-les-professionnels-du-spectacle-vivant-peuvent-ils-demander.jpg","articleSection":["Covid","G\u00e9n\u00e9ral"],"inLanguage":"fr-FR","potentialAction":[{"@type":"CommentAction","name":"Comment","target":["https:\/\/www.compotedeprod.com\/?p=13374#respond"]}]},{"@type":"WebPage","@id":"https:\/\/www.compotedeprod.com\/?p=13374","url":"https:\/\/www.compotedeprod.com\/?p=13374","name":"Coronavirus : Quelles aides pour les professionnels du spectacle vivant ?","isPartOf":{"@id":"https:\/\/www.compotedeprod.com\/#website"},"primaryImageOfPage":{"@id":"https:\/\/www.compotedeprod.com\/?p=13374#primaryimage"},"image":{"@id":"https:\/\/www.compotedeprod.com\/?p=13374#primaryimage"},"thumbnailUrl":"https:\/\/www.compotedeprod.com\/wp-content\/uploads\/2020\/03\/coronavirus-quelles-aides-les-professionnels-du-spectacle-vivant-peuvent-ils-demander.jpg","datePublished":"2020-03-21T14:36:26+00:00","dateModified":"2020-10-03T08:44:02+00:00","description":"Etat, R\u00e9gions, P\u00f4le emploi, mutuelle... Plusieurs structures ont annonc\u00e9 d\u00e9bloqu\u00e9 des fonds pour sauver la culture en pleine crise du Covid-19.","breadcrumb":{"@id":"https:\/\/www.compotedeprod.com\/?p=13374#breadcrumb"},"inLanguage":"fr-FR","potentialAction":[{"@type":"ReadAction","target":["https:\/\/www.compotedeprod.com\/?p=13374"]}]},{"@type":"ImageObject","inLanguage":"fr-FR","@id":"https:\/\/www.compotedeprod.com\/?p=13374#primaryimage","url":"https:\/\/www.compotedeprod.com\/wp-content\/uploads\/2020\/03\/coronavirus-quelles-aides-les-professionnels-du-spectacle-vivant-peuvent-ils-demander.jpg","contentUrl":"https:\/\/www.compotedeprod.com\/wp-content\/uploads\/2020\/03\/coronavirus-quelles-aides-les-professionnels-du-spectacle-vivant-peuvent-ils-demander.jpg","width":1920,"height":1280,"caption":"Coronavirus : Quelles aides les professionnels du spectacle vivant peuvent-ils demander ?"},{"@type":"BreadcrumbList","@id":"https:\/\/www.compotedeprod.com\/?p=13374#breadcrumb","itemListElement":[{"@type":"ListItem","position":1,"name":"Accueil","item":"https:\/\/www.compotedeprod.com\/"},{"@type":"ListItem","position":2,"name":"Coronavirus : quelles aides financi\u00e8res pour les professionnels du spectacle vivant ?"}]},{"@type":"WebSite","@id":"https:\/\/www.compotedeprod.com\/#website","url":"https:\/\/www.compotedeprod.com\/","name":"Compote de Prod","description":"","publisher":{"@id":"https:\/\/www.compotedeprod.com\/#organization"},"potentialAction":[{"@type":"SearchAction","target":{"@type":"EntryPoint","urlTemplate":"https:\/\/www.compotedeprod.com\/?s={search_term_string}"},"query-input":{"@type":"PropertyValueSpecification","valueRequired":true,"valueName":"search_term_string"}}],"inLanguage":"fr-FR"},{"@type":"Organization","@id":"https:\/\/www.compotedeprod.com\/#organization","name":"Compote de Prod","url":"https:\/\/www.compotedeprod.com\/","logo":{"@type":"ImageObject","inLanguage":"fr-FR","@id":"https:\/\/www.compotedeprod.com\/#\/schema\/logo\/image\/","url":"https:\/\/www.compotedeprod.com\/wp-content\/uploads\/2019\/05\/logo_CDP_noir.png","contentUrl":"https:\/\/www.compotedeprod.com\/wp-content\/uploads\/2019\/05\/logo_CDP_noir.png","width":950,"height":508,"caption":"Compote de Prod"},"image":{"@id":"https:\/\/www.compotedeprod.com\/#\/schema\/logo\/image\/"},"sameAs":["https:\/\/www.facebook.com\/Compote2Prod\/","https:\/\/x.com\/CompoteDeProd","https:\/\/www.instagram.com\/compotedeprod","https:\/\/www.linkedin.com\/company\/compote-de-prod\/","https:\/\/www.youtube.com\/channel\/UCMjN2mNvFje6pDUwvsp4K7Q"]},{"@type":"Person","@id":"https:\/\/www.compotedeprod.com\/#\/schema\/person\/3be9b99cc7ba103cc329c4cf7e6c909f","name":"admin","image":{"@type":"ImageObject","inLanguage":"fr-FR","@id":"https:\/\/secure.gravatar.com\/avatar\/fb1a4757f83b74e5a87c1554c8689bab12d09674f9e15db366c3636ab452004c?s=96&d=mm&r=g","url":"https:\/\/secure.gravatar.com\/avatar\/fb1a4757f83b74e5a87c1554c8689bab12d09674f9e15db366c3636ab452004c?s=96&d=mm&r=g","contentUrl":"https:\/\/secure.gravatar.com\/avatar\/fb1a4757f83b74e5a87c1554c8689bab12d09674f9e15db366c3636ab452004c?s=96&d=mm&r=g","caption":"admin"}}]}},"_links":{"self":[{"href":"https:\/\/www.compotedeprod.com\/index.php?rest_route=\/wp\/v2\/posts\/13374","targetHints":{"allow":["GET"]}}],"collection":[{"href":"https:\/\/www.compotedeprod.com\/index.php?rest_route=\/wp\/v2\/posts"}],"about":[{"href":"https:\/\/www.compotedeprod.com\/index.php?rest_route=\/wp\/v2\/types\/post"}],"author":[{"embeddable":true,"href":"https:\/\/www.compotedeprod.com\/index.php?rest_route=\/wp\/v2\/users\/2"}],"replies":[{"embeddable":true,"href":"https:\/\/www.compotedeprod.com\/index.php?rest_route=%2Fwp%2Fv2%2Fcomments&post=13374"}],"version-history":[{"count":13,"href":"https:\/\/www.compotedeprod.com\/index.php?rest_route=\/wp\/v2\/posts\/13374\/revisions"}],"predecessor-version":[{"id":13390,"href":"https:\/\/www.compotedeprod.com\/index.php?rest_route=\/wp\/v2\/posts\/13374\/revisions\/13390"}],"wp:featuredmedia":[{"embeddable":true,"href":"https:\/\/www.compotedeprod.com\/index.php?rest_route=\/wp\/v2\/media\/13383"}],"wp:attachment":[{"href":"https:\/\/www.compotedeprod.com\/index.php?rest_route=%2Fwp%2Fv2%2Fmedia&parent=13374"}],"wp:term":[{"taxonomy":"category","embeddable":true,"href":"https:\/\/www.compotedeprod.com\/index.php?rest_route=%2Fwp%2Fv2%2Fcategories&post=13374"},{"taxonomy":"post_tag","embeddable":true,"href":"https:\/\/www.compotedeprod.com\/index.php?rest_route=%2Fwp%2Fv2%2Ftags&post=13374"}],"curies":[{"name":"wp","href":"https:\/\/api.w.org\/{rel}","templated":true}]}}